{"id":7107,"date":"2011-05-10T14:52:47","date_gmt":"2011-05-10T17:52:47","guid":{"rendered":"http:\/\/kunstinargentinien.com\/?p=7107"},"modified":"2011-07-02T22:25:38","modified_gmt":"2011-07-03T01:25:38","slug":"la-torre-de-babel-en-buenos-aires","status":"publish","type":"post","link":"https:\/\/kunstinargentinien.com\/index.php\/2011\/05\/10\/la-torre-de-babel-en-buenos-aires\/","title":{"rendered":"La Torre de Babel en Buenos Aires"},"content":{"rendered":"<p><a href=\"http:\/\/kunstinargentinien.com\/index.php\/2011\/05\/10\/turmbau-zu-babel-in-buenos-aires\/\">Klicken Sie hier, um die deutsche Version zu lesen.<\/a><\/p>\n<p><strong>A partir del 12 de mayo se podr\u00e1 disfrutar de la obra ef\u00edmera de Marta Minuj\u00edn<\/strong><\/p>\n<p><a href=\"http:\/\/kunstinargentinien.com\/wp-content\/uploads\/2011\/05\/babel.jpg\"><img loading=\"lazy\" decoding=\"async\" src=\"http:\/\/kunstinargentinien.com\/wp-content\/uploads\/2011\/05\/babel.jpg\" alt=\"\" title=\"babel\" width=\"250\" height=\"174\" class=\"alignleft size-full wp-image-7108\" \/><\/a>&#8220;La Torre de Babel de Libros&#8221; de Marta Minuj\u00edn esta siendo construida con libros de todo el mundo en la Plaza San Mart\u00edn y abrir\u00e1 sus puertas al p\u00fablico el jueves 12 de mayo.<\/p>\n<p>Esta gran obra de arte ef\u00edmero es una de las primeras acciones de <a href=\"http:\/\/www.capitaldellibro2011.gob.ar\/44_bacml2011_presenta_su_pagina_web.htm\">Buenos Aires Capital Mundial del Libro 2011<\/a>. La &#8220;Torre de Babel de Libros&#8221; consiste de m\u00e1s de 25.000 libros donados por embajadas, asociaciones y delegaciones de m\u00e1s de 50 pa\u00edses -entre ellos Alemania, Suiza y Austria-, y por los aportes de la gente que se sum\u00f3 a la campa\u00f1a de recolecci\u00f3n de libros que se realiz\u00f3 en el mes de marzo en diferentes librerias, bibliotecas y centros de Gesti\u00f3n y Participaci\u00f3n de la Ciudad.<\/p>\n<p>Se podr\u00e1 entrar a esta obra de arte en tres grupos de 30 personas cada hora subiendo por el pasillo de acceso a trav\u00e9s del espacio interno. Arriba se puede ver la ciudad desde 25 metros de altura y luego bajar por el pasillo opuesto. En el interior se escucha una instalaci\u00f3n sonora creada por Marta Minuj\u00edn repitiendo la palabra &#8220;Libro&#8221; en todos los idiomas.<\/p>\n<p>El 27 de junio se podr\u00e1 recorrer la Torre una \u00faltima vez, elegir un libro y llev\u00e1rselo. Con los libros restantes se crear\u00e1 una biblioteca multiling\u00fce.<\/p>\n","protected":false},"excerpt":{"rendered":"<p>Klicken Sie hier, um die deutsche Version zu lesen. A partir del 12 de mayo se podr\u00e1 disfrutar de la obra ef\u00edmera de Marta Minuj\u00edn &#8220;La Torre de Babel de Libros&#8221; de Marta Minuj\u00edn esta siendo construida con libros de todo el mundo en la Plaza San Mart\u00edn y abrir\u00e1 sus puertas al p\u00fablico el [&hellip;]<\/p>\n","protected":false},"author":1,"featured_media":0,"comment_status":"open","ping_status":"open","sticky":false,"template":"","format":"standard","meta":{"footnotes":""},"categories":[4],"tags":[],"class_list":["post-7107","post","type-post","status-publish","format-standard","hentry","category-tipp-der-woche-recomendacion-de-la-semana"],"_links":{"self":[{"href":"https:\/\/kunstinargentinien.com\/index.php\/wp-json\/wp\/v2\/posts\/7107","targetHints":{"allow":["GET"]}}],"collection":[{"href":"https:\/\/kunstinargentinien.com\/index.php\/wp-json\/wp\/v2\/posts"}],"about":[{"href":"https:\/\/kunstinargentinien.com\/index.php\/wp-json\/wp\/v2\/types\/post"}],"author":[{"embeddable":true,"href":"https:\/\/kunstinargentinien.com\/index.php\/wp-json\/wp\/v2\/users\/1"}],"replies":[{"embeddable":true,"href":"https:\/\/kunstinargentinien.com\/index.php\/wp-json\/wp\/v2\/comments?post=7107"}],"version-history":[{"count":7,"href":"https:\/\/kunstinargentinien.com\/index.php\/wp-json\/wp\/v2\/posts\/7107\/revisions"}],"predecessor-version":[{"id":7829,"href":"https:\/\/kunstinargentinien.com\/index.php\/wp-json\/wp\/v2\/posts\/7107\/revisions\/7829"}],"wp:attachment":[{"href":"https:\/\/kunstinargentinien.com\/index.php\/wp-json\/wp\/v2\/media?parent=7107"}],"wp:term":[{"taxonomy":"category","embeddable":true,"href":"https:\/\/kunstinargentinien.com\/index.php\/wp-json\/wp\/v2\/categories?post=7107"},{"taxonomy":"post_tag","embeddable":true,"href":"https:\/\/kunstinargentinien.com\/index.php\/wp-json\/wp\/v2\/tags?post=7107"}],"curies":[{"name":"wp","href":"https:\/\/api.w.org\/{rel}","templated":true}]}}