{"id":733,"date":"2006-10-09T13:45:21","date_gmt":"2006-10-09T16:45:21","guid":{"rendered":"http:\/\/kunstinargentinien.com\/index.php\/2006\/10\/10\/erstes-buenos-aires-design-festival\/"},"modified":"2006-10-10T21:55:08","modified_gmt":"2006-10-11T00:55:08","slug":"erstes-buenos-aires-design-festival","status":"publish","type":"post","link":"https:\/\/kunstinargentinien.com\/index.php\/2006\/10\/09\/erstes-buenos-aires-design-festival\/","title":{"rendered":"Erstes Buenos Aires-Design-Festival"},"content":{"rendered":"<p><strong>\u201ePrimer Festival de Dise\u00f1o de Buenos Aires\u201c startet am Donnerstag<\/p>\n<p><em>Von Susanne Franz<\/em><\/strong><\/p>\n<div align=center><img decoding=\"async\" id=\"image734\" alt=design.JPG src=\"http:\/\/kunstinargentinien.com\/wp-content\/uploads\/2006\/10\/design.JPG\" \/><\/div>\n<p>\u00dcber 180 Designer aller Disziplinen stellen sich vom 12. bis 29. Oktober auf vier Mega-Events und drei Ausstellungen dem Publikum vor: Das an verschiedenen Orten der argentinischen Hauptstadt stattfindende \u201ePrimer Festival de Dise\u00f1o de Buenos Aires\u201c wird am Donnerstag im Kulturzentrum \u201eEl Dorrego\u201c (Zapiola\/Dorrego) mit einem Cocktail er\u00f6ffnet.<\/p>\n<p>Weiter geht es am 17. Oktober: Um 18 Uhr wird im Centro Metropolitano de Dise\u00f1o (CMD, Villarino 2498) eine Ausstellung der Industrie-Design-Sammlung des Museums f\u00fcr Moderne Kunst (MAMBA) eingeweiht. Gleich zwei Veranstaltungen gibt es am 20. Oktober: Von 10 bis 21 Uhr f\u00fchrt ein \u201eCircuito de Dise\u00f1o\u201c (Design-Rundgang) durch Designer-L\u00e4den, -Firmen und -Einrichtungen in den Stadtvierteln Recoleta und Puerto Madero (Infos <a href=\"http:\/\/www.cmd.gov.ar\/home\/\">auf der Webseite des CMD<\/a>); und am Abend um 19 Uhr wird im Centro Cultural Recoleta (Jun\u00edn 1930) die Ausstellung \u201eEl dise\u00f1o en la vida cotidiana\u201c (Design im Alltag) mit den innovativsten Designs argentinischer Produktion er\u00f6ffnet.<\/p>\n<p>Im MALBA (Av. Figueroa Alcorta 3415) wird am 27. Oktober um 18.30 Uhr die Design-Zeitschrift \u201eIF\u201c vorgestellt. Das Gespr\u00e4ch \u201eRevistas de Dise\u00f1o\u201c (Design-Zeitschriften) bringt die Herausgeber der wichtigsten Publikationen des Sektors an den Runden Tisch. Am 28. Oktober findet von 10-21 Uhr der Design-Rundgang durch das Stadtviertel Palermo statt (Infos <a href=\"http:\/\/www.cmd.gov.ar\/home\/\">auf der Webseite des CMD<\/a>). Alle Angebote des Festivals sind gratis.<\/p>\n","protected":false},"excerpt":{"rendered":"<p>\u201ePrimer Festival de Dise\u00f1o de Buenos Aires\u201c startet am Donnerstag Von Susanne Franz \u00dcber 180 Designer aller Disziplinen stellen sich vom 12. bis 29. Oktober auf vier Mega-Events und drei Ausstellungen dem Publikum vor: Das an verschiedenen Orten der argentinischen Hauptstadt stattfindende \u201ePrimer Festival de Dise\u00f1o de Buenos Aires\u201c wird am Donnerstag im Kulturzentrum \u201eEl [&hellip;]<\/p>\n","protected":false},"author":1,"featured_media":0,"comment_status":"open","ping_status":"open","sticky":false,"template":"","format":"standard","meta":{"footnotes":""},"categories":[4],"tags":[],"class_list":["post-733","post","type-post","status-publish","format-standard","hentry","category-tipp-der-woche-recomendacion-de-la-semana"],"_links":{"self":[{"href":"https:\/\/kunstinargentinien.com\/index.php\/wp-json\/wp\/v2\/posts\/733","targetHints":{"allow":["GET"]}}],"collection":[{"href":"https:\/\/kunstinargentinien.com\/index.php\/wp-json\/wp\/v2\/posts"}],"about":[{"href":"https:\/\/kunstinargentinien.com\/index.php\/wp-json\/wp\/v2\/types\/post"}],"author":[{"embeddable":true,"href":"https:\/\/kunstinargentinien.com\/index.php\/wp-json\/wp\/v2\/users\/1"}],"replies":[{"embeddable":true,"href":"https:\/\/kunstinargentinien.com\/index.php\/wp-json\/wp\/v2\/comments?post=733"}],"version-history":[{"count":0,"href":"https:\/\/kunstinargentinien.com\/index.php\/wp-json\/wp\/v2\/posts\/733\/revisions"}],"wp:attachment":[{"href":"https:\/\/kunstinargentinien.com\/index.php\/wp-json\/wp\/v2\/media?parent=733"}],"wp:term":[{"taxonomy":"category","embeddable":true,"href":"https:\/\/kunstinargentinien.com\/index.php\/wp-json\/wp\/v2\/categories?post=733"},{"taxonomy":"post_tag","embeddable":true,"href":"https:\/\/kunstinargentinien.com\/index.php\/wp-json\/wp\/v2\/tags?post=733"}],"curies":[{"name":"wp","href":"https:\/\/api.w.org\/{rel}","templated":true}]}}