{"id":7344,"date":"2011-05-21T06:19:54","date_gmt":"2011-05-21T09:19:54","guid":{"rendered":"http:\/\/kunstinargentinien.com\/?p=7344"},"modified":"2011-05-23T17:15:13","modified_gmt":"2011-05-23T20:15:13","slug":"kalender-agenda-266","status":"publish","type":"post","link":"https:\/\/kunstinargentinien.com\/index.php\/2011\/05\/21\/kalender-agenda-266\/","title":{"rendered":"Kalender \/ Agenda"},"content":{"rendered":"<p><a href=\"http:\/\/kunstinargentinien.com\/index.php\/2011\/05\/21\/agenda-kalender-265\/\">Click aqu\u00ed para leer la versi\u00f3n en castellano.<\/a><\/p>\n<p><strong>Ausstellungskalender 21\/05\/11-28\/05\/11<\/p>\n<p><em>Von Susanne Franz<\/em><\/strong><\/p>\n<p><a href=\"http:\/\/kunstinargentinien.com\/wp-content\/uploads\/2011\/05\/torredebabel1.jpg\"><img loading=\"lazy\" decoding=\"async\" src=\"http:\/\/kunstinargentinien.com\/wp-content\/uploads\/2011\/05\/torredebabel1.jpg\" alt=\"\" title=\"torredebabel\" width=\"500\" height=\"121\" class=\"aligncenter size-full wp-image-7350\" srcset=\"https:\/\/kunstinargentinien.com\/wp-content\/uploads\/2011\/05\/torredebabel1.jpg 500w, https:\/\/kunstinargentinien.com\/wp-content\/uploads\/2011\/05\/torredebabel1-300x72.jpg 300w\" sizes=\"auto, (max-width: 500px) 100vw, 500px\" \/><\/a><br \/>\nBuenos Aires hat eine neue &#8211; wenn auch vor\u00fcbergehende &#8211; Attraktion: den <a href=\"http:\/\/kunstinargentinien.com\/index.php\/2011\/05\/10\/turmbau-zu-babel-in-buenos-aires\/\">&#8220;B\u00fccherturm zu Babel&#8221;<\/a>. Er ist 25 Meter hoch und besteht aus 30.000 B\u00fcchern unterschiedlicher Sprachen. Das Werk von Marta Minuj\u00edn ist eine Aktion im Rahmen von &#8220;Buenos Aires Capital Mundial del Libro 2011&#8221; (Bs.As., Welthauptstadt des Buches) und kann bis zum 27. Mai t\u00e4glich von 10 bis 22 Uhr an der Plaza San Mart\u00edn besucht werden.<\/p>\n<p>Ein Muss f\u00fcr alle Kunstfans ist auch die Messe <a href=\"http:\/\/www.arteba.org\/\">arteBA<\/a>, die dieses Jahr ihr 20. Jubil\u00e4um feiert. Sie wurde <a href=\"http:\/\/kunstinargentinien.com\/index.php\/2011\/05\/21\/feinkost-und-fischgestank\/\">am  Mittwochabend er\u00f6ffnet<\/a> und man kann sie bis Montag, den 23. Mai, t\u00e4glich von 13 bis 21 Uhr besuchen.<\/p>\n<p>Die Ausstellungen der Woche:<!--more--><\/p>\n<p><strong><em>Ausstellungszentren<\/em><\/strong><\/p>\n<ul>\n<li><a href=\"http:\/\/www.malba.org.ar\/web\/\">Malba<\/a> (Museo de Arte Latinoamericano de Buenos Aires), Av. Figueroa Alcorta 3415 (Do-Mo und feiertags 12-20 Uhr, mittwochs bis 21 Uhr, dienstags geschlossen. Eintritt 22 Pesos, Lehrer, Rentner und Studenten 11 Pesos, unter 5-J\u00e4hrige gratis. Mittwochs: Eintritt 10 Pesos, Lehrer und Rentner 5 Pesos, Studenten gratis): &#8220;Papeles modernos. De Toulouse-Lautrec a Picasso&#8221;. Werke aus der Sammlung des Museo Nacional de Bellas Artes. Gastkurator: \u00c1ngel Navarro. Saal 5, 2. Stock. 17.3.-23.5. \/ &#8220;Contempor\u00e1neo 27. Cristina Piffer&#8221;. Gastkurator: Fernando Davis. Saal 1 (Erdgeschoss). 29.4.-20.6. \/ &#8220;Pettoruti y el arte abstracto. 1914-1949&#8221;. Gast-Kuratorin: Patricia Artundo. Saal 3, 1. Stock. Er\u00f6ffnung: 26.5., 19 Uhr. Bis 27.6.<\/li>\n<li><a href=\"http:\/\/www.museodeartemoderno.buenosaires.gob.ar\/mam2.htm\">Museo de Arte Moderno de Buenos Aires<\/a> (MAMba), San Juan 350 (Mo-Fr 12-19, Sa, So und feiertags 11-20 Uhr, Eintritt 1 Peso, Di gratis): &#8220;Donaciones de los a\u00f1os sesenta: Ambrossini \/ Gim\u00e9nez \/ Messil \/ Stoppani \/ Trotta&#8221;. Seit 13.4.<\/li>\n<li><a href=\"http:\/\/www.mat.gov.ar\/\">Museo de Arte Tigre<\/a>, Paseo Victorica 972, Tigre (Mi-Fr 9-19, Sa und So 12-19 Uhr): &#8220;El arte se\u00f1ala&#8221;, Werke der beiden ersten Biennalen vom Ende der Welt (&#8220;Bienal del Fin del Mundo&#8221;). Kurator: Fernando Farina. 14.5.-5.6.<\/li>\n<li><a href=\"http:\/\/centroculturalrecoleta.org\/ccr-sp\/\">Centro Cultural Recoleta<\/a>, Jun\u00edn 1930 (Mo-Fr 14-21, Sa, So und feiertags 10-21 Uhr. Eintritt frei): &#8220;Mixturas: el arte, las colectividades y sus artistas&#8221;. Obergeschoss. 13.5.-5.6. \/ Lorenzo Amengual, &#8220;C\u00e1bala criolla&#8221;. Espacio Historieta. 13.5.-5.6. \/ &#8220;C\u00f3rdoba en el Centro&#8221;, Gem\u00e4lde, Fotos und Digitalkunst von \u00fcber 40 K\u00fcnstlern rund um die Cordobeser Landschaft, von 1890 bis 2010. S\u00e4le J und C. 13.5.-12.6. \/ Robert Doisneau, &#8220;Simplemente Doisneau&#8221;, Fotos. Cronopios-Saal. 13.5.-26.6.<\/li>\n<li><a href=\"http:\/\/www.centrocultural.coop\/\">Centro Cultural de la Cooperaci\u00f3n<\/a>, Av. Corrientes 1543 (Mo-Sa 10-22, So 17-20.30 Uhr): &#8220;Fibra&#8221;, Werke auf Papier von ecuatorianischen K\u00fcnstlern dreier Generationen (Oswaldo Guayasam\u00edn, Enrique T\u00e1bara, Miguel Varea, Jos\u00e9 Unda, Carlos Rosero, Jorge Velarde, Hern\u00e1n Cueva, Wilson Paccha, Enrique Estuardo Alvarez, Nadya P\u00e9rez). Seit 5.5.<\/li>\n<li>Museo Eduardo S\u00ed\u00advori, Av. Infanta Isabel 555, gegen\u00fcber der Br\u00fccke zum Rosengarten des Palermo-Parks (Di-Fr 12-20, Sa, So und feiertags 10-20 Uhr. Eintritt 1 Peso, Mi und Sa gratis): Graciela Borthwick, &#8220;Antol\u00f3gica 1970-2010&#8221;. Kurator: Alberto Giudici. Er\u00f6ffnung: 21.5., 12 Uhr. Bis 20.6. \/ In\u00e9s Vega, Zeichnungen 1997-2010. Er\u00f6ffnung: 21.5., 12 Uhr. Bis 20.6.<\/li>\n<li>Museo Casa de Yrurtia, O&#8217;Higgins 2390 (Di-Fr 13-19, Sa und So 15-19 Uhr. Eintritt 5 Pesos, dienstags gratis): Luc\u00eda Pacenza, Dalmiro Sirabo, Graciela Ieger, Skulpturen. Gastkuratorin: Pelusa Borthwick. Seit 30.4. \/ &#8220;B\u00e1rbaro Bar en el Yrurt\u00eda&#8221;, Gemeinschaftsausstellung, Miniformat-Gem\u00e4lde. Saal XI. Er\u00f6ffnung: 5.6., 16.30 Uhr. Bis 5.7.<\/li>\n<\/ul>\n<p><em><strong>Sonstige Ausstellungen<\/strong><\/em><\/p>\n<ul>\n<li>&#8220;Argentina y Alemania en el Caleidoscopio&#8221; (Argentinien und Deutschland im Kaleidoskop), Ausstellung gro\u00dfformatiger Fotos, die auf bunte und spielerische Weise die spezifischen Eigenschaften beider Nationen thematisieren. <a href=\"http:\/\/www.buenos-aires.diplo.de\/Vertretung\/buenosaires\/es\/Startseite.html\">Deutsche Botschaft in Buenos Aires<\/a>, entlang der Stra\u00dfe Luis Mar\u00ed\u00ada Campos zwischen Olleros und Gorostiaga. Seit 23.11.<\/li>\n<li>Ra\u00fal Farco, &#8220;En la piel del otro&#8221;, Skulpturen. Kurator: Elio Kapszuk. &#8220;Paseo de las Esculturas&#8221;, Rub\u00e9n Dar\u00edo-Platz, Austria zwischen Av. del Libertador und Figueroa Alcorta. Seit 12.1.<\/li>\n<li>&#8220;Louise Bourgeois: el retorno de lo reprimido&#8221;. Kurator: Philip Larratt-Smith. <a href=\"http:\/\/www.proa.org\/esp\/\">Fundaci\u00f3n Proa<\/a>, Av. Pedro de Mendoza 1929. Di-So 11-19 Uhr. Eintritt 10 Pesos, Studenten 6 Pesos, Rentner 4 Pesos. 19.3.-19.6.<\/li>\n<li>Luis Camnitzer, &#8220;Memorial&#8221;. Saal &#8220;PAyS&#8221;, <a href=\"http:\/\/www.parquedelamemoria.org.ar\/\">Parque de la Memoria<\/a>, Av. Costanera Norte, Rafael Obligado 6745. Mo-Fr 10-17 Uhr. Eintritt frei. 26.3.-26.6.<\/li>\n<li>Carlos Masoch und Marcelo Bordese, Gem\u00e4lde. <a href=\"http:\/\/www.upsgallery.com.ar\/\">Ups! Art Gallery<\/a>, Av Santa Fe 2729, 1. Stock, Lokal 43. Di-Sa 15-20 Uhr. 29.3.-31.5.<\/li>\n<li>Naum Goijman, &#8220;El Secreto mejor guardado. Telas Prehist\u00f3ricas y papeles del futuro&#8221;. Kurator: Elio Kapszuk. Espacio de Arte AMIA, Pasteur 633. Mo-Do 10-18, Fr 10-16 Uhr. Eintritt frei. 13.4.-29.5.<\/li>\n<li>Oskar Molek, &#8220;Im\u00e1genes de Bah\u00eda&#8221;, Fotos. &#8220;EspacioFotogr\u00e1fico&#8221; des Teatro de la Ribera, Av. Pedro de Mendoza 1821. Di-So 10-20, Mo 10-17 Uhr. Eintritt frei. 16.4.-Mitte Juni.<\/li>\n<li>Mariela Forciniti, &#8220;Reino de Mutkins&#8221;, Gem\u00e4lde und Installation. Saal I. \/ Luciano Giusti, &#8220;Universo Metaps\u00edquico&#8221;, Gem\u00e4lde. Saal II. <a href=\"http:\/\/www.pabellon4.com\/pabellon4.html\">Pabell\u00f3n 4 Arte Contempor\u00e1neo<\/a>, Uriarte 1332. Mo-Sa 16-20 Uhr. 18.4.-28.5.<\/li>\n<li>Expo &#8220;Tec en Arte III&#8221;. Werke von Melisa Bay, Iv\u00e1n Kozenitzky, Mar\u00eda Lorena Kaethner, Nick Mahshie, Colectivo metaphorarq &#8211; Bruno Rota, Christian D\u00edaz, Joaqu\u00edn Fargas, Daniel Fischer, Natalia Rizzo und Dar\u00edo Sacco. Auswahl: Patricia Hakim. Espacio Fundaci\u00f3n Telef\u00f3nica, Arenales 1540. 19.4.-11.6.<\/li>\n<li>Miguel Angel Giovanetti &#038; Luis Espinosa, &#8220;Universos Paralelos&#8221;. <a href=\"http:\/\/www.roart.com.ar\/\">RO Galer\u00eda de Arte<\/a>, Paran\u00e1 1158. Mo-Fr 14-20 Uhr. Seit 28.4.<\/li>\n<li>Mart\u00edn Calcagno, &#8220;Sue\u00f1os de un joven enamorado&#8221;, Skulpturen. <a href=\"http:\/\/www.elsidelrio.com.ar\/\">Elsi del Rio Arte Contempor\u00e1neo<\/a>, Humboldt 1510, Palermo Hollywood. Di-Fr 14-20, Sa 11-15 Uhr. 2.5.-30.6.<\/li>\n<li>Rodolfo Relman, Gem\u00e4lde 2005-2011. Atica, Libertad 1240, PB &#8220;9&#8221;. Mo-Fr 11-13 und 15-20, Sa 11-13.30 Uhr. 3.5.-28.5.<\/li>\n<li>Ana Zalazar, &#8220;Vulnerablemente Visible&#8221;, Gem\u00e4lde. Alianza Francesa Belgrano, 11 de Septiembre 950. Mo-Fr 9-20, Sa 9-12 Uhr. 3.5.-28.5.<\/li>\n<li>&#8220;Agua, el recurso vital&#8221;, Werke der zweiten Ausgabe des Fotowettbewerbs &#8220;Ox\u00edgeno&#8221;. Alianza Francesa, Av. C\u00f3rdoba 946. 3.5.-1.6.<\/li>\n<li><a href=\"http:\/\/melaniemahler.com.ar\/\">Melanie Mahler<\/a>, Collagen. Asociaci\u00f3n Cultural Pestalozzi, Freire 1882. Mo-Fr 14-19 Uhr. 4.5.-27.5.<\/li>\n<li>Eduardo Medici, &#8220;Miscel\u00e1nea (nada est\u00e1 quieto)&#8221;, Gem\u00e4lde. <a href=\"http:\/\/www.rubbers.com.ar\/\">Galer\u00eda Rubbers Interacional<\/a>, Av. Alvear 1595. Mo-Fr 11-20, Sa 11-13 Uhr. 4.5.-28.5.<\/li>\n<li>Marcia Schvartz &#8211; Felipe Pino, &#8220;Rituales de rinc\u00f3n&#8221;, Gem\u00e4lde. <a href=\"http:\/\/www.galeriahoyenelarte.com.ar\/index.php\">Hoy en el Arte<\/a>, Juncal 848. Mo-Fr 11-20, Sa 11-14 Uhr. Seit 4.5.<\/li>\n<li>&#8220;Los trabajos y los d\u00edas&#8221;, Werke von Azul Blaseotto, Marcelo Coglitore, Mercedes Figallo, Mar\u00eda Florencia De Titta, Eduardo Molinari und Juan Jos\u00e9 Mar\u00eda Tirigall. <a href=\"http:\/\/www.pasaje17.com\/\">Pasaje 17 Espacio de Arte<\/a>, Bartolom\u00e9 Mitre 1559. Mo-Fr 10-18 Uhr. 4.5.-31.5.<\/li>\n<li>&#8220;Peque\u00f1o Manual de Magia&#8221;, Werke von Marina S\u00e1bato, Laura Waissman, Nicol\u00e1s Arispe. <a href=\"http:\/\/www.gachiprietogallery.com\/\">Gachi Prieto Gallery<\/a>, Uriarte 1976. Di-Fr 13-20, Sa 12-18 Uhr. 4.5.-4.6.<\/li>\n<li>Rom\u00e1n Vitali, &#8220;Nieva adentro&#8221;. Hauptsaal. \/ Luciana Lamothe, &#8220;Funci\u00f3n&#8221;. NuevoEspacio. <a href=\"http:\/\/www.ruthbenzacar.com\/\">Ruth Benzacar<\/a>, Florida 1000. Mo-Fr 11.30-20 Uhr. 4.5.-17.6.<\/li>\n<li><a href=\"http:\/\/www.revistasauna.com.ar\/01_09\/07.html\">Gast\u00f3n Persico, &#8220;Humo&#8221;.<\/a> <a href=\"http:\/\/www.norafisch.com\/\">Nora Fisch Arte Contempor\u00e1neo<\/a>, G\u00fcemes 2967, PB (Erdgeschoss). Di-Fr 15-20 Uhr. Ein Werk der Ausstellung ist im Schaufenster des Buchladens Purr, Santa Fe 2729, 1. Stock, zu sehen. 5.5.-10.6.<\/li>\n<li><a href=\"http:\/\/www.marcelodelafuente.blogspot.com\/\">Marcelo de la Fuente<\/a>, &#8220;Dominic&#8221;, Fotos. <a href=\"http:\/\/castagninomacro.org\/info\/\">Museo de Arte Contempor\u00e1neo de Rosario <\/a> (macro), 1. Stock, Bv. Oro\u00f1o und R\u00edo Paran\u00e1, Rosario. Do-Di 14-20 Uhr. 5.5.-28.6.<\/li>\n<li>Gemeinschaftsausstellung zum 5. Geburtstag, Werke von Brigida Baltar, Cinthia De Levie, Marcelo de la Fuente, Alejandro Tosso, Leila Tschopp, u.a. 713 Arte Contempor\u00e1neo, Defensa 713, San Telmo. Mo-Fr 14-20, Sa 14-19 Uhr. Seit 5.5.<\/li>\n<li>Nadia Guthmann, &#8220;Amantes de la Naturaleza&#8221;, Skulpturen. <a href=\"http:\/\/laguanacazul.com\/\">Laguanacazul<\/a>, Defensa 677. Mo-So 10-19 Uhr. 6.5.-29.5.<\/li>\n<li>&#8220;Pueblo Benedit&#8221;, Hommageausstellung f\u00fcr Luis Fernando Benedit. Kuratorin: Patricia Rizzo. Co-Kurator: Tom\u00e1s Ezequiel Bondone (Direktor des Museo Superior de Bellas Artes Evita). Centro Cultural Espa\u00f1a C\u00f3rdoba, Entre R\u00edos 40, C\u00f3rdoba (Mo-Sa 10-14 und 16-22, So 16-22 Uhr) und Museo Superior de Bellas Artes Evita &#8211; Palacio Ferreyra, Hip\u00f3lito Yrigoyen 511, C\u00f3rdoba (Di-So 10-20 Uhr). 6.5.-24.6.<\/li>\n<li>Alejandro Manr\u00edquez, &#8220;Transcurriendo&#8221;, Gem\u00e4lde. Galerie der &#8220;Casa del Neuqu\u00e9n&#8221;, Maip\u00fa 48. Mo-Fr 9-16 Uhr. 10.5.-31.5.<\/li>\n<li>Fabiana Barreda, &#8220;Argentina Skateland y el Tatuaje de Eros&#8221;, Fotos, Videoinstallation, Objekte und Geschichten. Kurator: Rodrigo Alonso. <a href=\"http:\/\/www.dacilart.com\/\">dacilART<\/a>, Pasaje Soria 5125 (zwischen Thames und Uriarte). 11.5.-24.6.<\/li>\n<li>&#8220;<a href=\"http:\/\/www.ofbridgesandborders.com\/\">Of Bridges and Borders<\/a> 3&#8243;. Kurator: Sigismond de Vajay. Centro Cultural de Espa\u00f1a (CCEBA) Paran\u00e1, Paran\u00e1 1159. 11.5.-25.6.<\/li>\n<li>Marta Minuj\u00edn,  <a href=\"http:\/\/kunstinargentinien.com\/index.php\/2011\/05\/10\/la-torre-de-babel-en-buenos-aires\/\">&#8220;La Torre de Babel&#8221;<\/a>. Plaza San Mart\u00edn, Buenos Aires. 12.5.-27.5.<\/li>\n<li>Fabio Risso, &#8220;El Tiempo&#8221;, Gem\u00e4lde. <a href=\"http:\/\/www.masottatorres.com.ar\/esp\/inicio.htm\">MasottaTorres Arte Contempor\u00e1neo<\/a>, M\u00e9xico 459, San Telmo. Mo-Fr 14-20 Uhr. 12.5.-17.6.<\/li>\n<li>Manuel Esnoz, &#8220;Geometr\u00edasexpositive&#8221;. <a href=\"http:\/\/www.dabbahtorrejon.com.ar\/\">Dabbah Torrej\u00f3n<\/a>, El Salvador 5176, Palermo. Di-Fr 15-20, Sa 11-16 Uhr. Seit 12.5.<\/li>\n<li>Gian Paolo Minelli, &#8220;Sur: Cierre + apertura&#8221;, Fotos. Museo Emilio Caraffa, Av. Poeta Lugones 411, C\u00f3rdoba. Seit 12.5.<\/li>\n<li>Mike Rubin, &#8220;Mind Your Hands&#8221;. <a href=\"http:\/\/galeriapopa.com.ar\/\">POPA Galer\u00eda de Arte<\/a>, Lamadrid 882, La Boca. 14.5.-19.6.<\/li>\n<li>&#8220;<a href=\"http:\/\/www.ofbridgesandborders.com\/\">Of Bridges and Borders<\/a> 3&#8243;. Kurator: Sigismond de Vajay. Centro Cultural de Espa\u00f1a (CCEBA), Balcarce 1150, San Telmo. Di-So 12-20 Uhr. 14.5.-3.7.<\/li>\n<li>&#8220;Werkstattbesuch&#8221;, Gem\u00e4lde, Skulpturen und Fotos von Clara Alurralde, Graciela Dietl, Bauchi Reich, Lucas Reich, Mauro Trevisanello. Lavalle 1248, Mart\u00ednez. Bis 14.6. nach Vereinbarung: flugelma@fibertel.com.ar.<\/li>\n<li>&#8220;Econom\u00eda y pol\u00edtica. 200 a\u00f1os de historia&#8221;. Casa Nacional del Bicentenario, Riobamba 985. Di-So 14-20 Uhr. Seit 17.5.<\/li>\n<li>20. Kunstmesse <a href=\"http:\/\/www.arteba.org\/\">arteBA<\/a>. Messezentrum Rural, Blauer und Gr\u00fcner Pavillon, Av. Sarmiento 2704. T\u00e4glich 13-21 Uhr. Eintritt: 38 Pesos, Rentner und Studenten (mit Ausweis) 20 Pesos, unter 12-J\u00e4hrige gratis. Auditorium: Eintritt frei. 19.5.-23.5.<\/li>\n<li>Rodrigo Zamora, &#8220;R\u00edo blanco&#8221;. <a href=\"http:\/\/www.upsgallery.com.ar\/\">Ups!<\/a> &#8211; <a href=\"http:\/\/www.modo7gallery.com\/\">Modo7 Art Gallery<\/a>, Av Santa Fe 2729, 1. Stock, Local 43. Di-Sa 15-20 Uhr. Er\u00f6ffnung: 27.5., 19 Uhr. Bis 5.7.<\/li>\n<\/ul>\n","protected":false},"excerpt":{"rendered":"<p>Click aqu\u00ed para leer la versi\u00f3n en castellano. Ausstellungskalender 21\/05\/11-28\/05\/11 Von Susanne Franz Buenos Aires hat eine neue &#8211; wenn auch vor\u00fcbergehende &#8211; Attraktion: den &#8220;B\u00fccherturm zu Babel&#8221;. Er ist 25 Meter hoch und besteht aus 30.000 B\u00fcchern unterschiedlicher Sprachen. Das Werk von Marta Minuj\u00edn ist eine Aktion im Rahmen von &#8220;Buenos Aires Capital Mundial [&hellip;]<\/p>\n","protected":false},"author":1,"featured_media":0,"comment_status":"open","ping_status":"open","sticky":false,"template":"","format":"standard","meta":{"footnotes":""},"categories":[3],"tags":[],"class_list":["post-7344","post","type-post","status-publish","format-standard","hentry","category-kalender-agenda"],"_links":{"self":[{"href":"https:\/\/kunstinargentinien.com\/index.php\/wp-json\/wp\/v2\/posts\/7344","targetHints":{"allow":["GET"]}}],"collection":[{"href":"https:\/\/kunstinargentinien.com\/index.php\/wp-json\/wp\/v2\/posts"}],"about":[{"href":"https:\/\/kunstinargentinien.com\/index.php\/wp-json\/wp\/v2\/types\/post"}],"author":[{"embeddable":true,"href":"https:\/\/kunstinargentinien.com\/index.php\/wp-json\/wp\/v2\/users\/1"}],"replies":[{"embeddable":true,"href":"https:\/\/kunstinargentinien.com\/index.php\/wp-json\/wp\/v2\/comments?post=7344"}],"version-history":[{"count":13,"href":"https:\/\/kunstinargentinien.com\/index.php\/wp-json\/wp\/v2\/posts\/7344\/revisions"}],"predecessor-version":[{"id":7383,"href":"https:\/\/kunstinargentinien.com\/index.php\/wp-json\/wp\/v2\/posts\/7344\/revisions\/7383"}],"wp:attachment":[{"href":"https:\/\/kunstinargentinien.com\/index.php\/wp-json\/wp\/v2\/media?parent=7344"}],"wp:term":[{"taxonomy":"category","embeddable":true,"href":"https:\/\/kunstinargentinien.com\/index.php\/wp-json\/wp\/v2\/categories?post=7344"},{"taxonomy":"post_tag","embeddable":true,"href":"https:\/\/kunstinargentinien.com\/index.php\/wp-json\/wp\/v2\/tags?post=7344"}],"curies":[{"name":"wp","href":"https:\/\/api.w.org\/{rel}","templated":true}]}}