{"id":7759,"date":"2011-06-26T12:17:36","date_gmt":"2011-06-26T15:17:36","guid":{"rendered":"http:\/\/kunstinargentinien.com\/?p=7759"},"modified":"2011-06-26T13:02:29","modified_gmt":"2011-06-26T16:02:29","slug":"culmina-torre-de-babel","status":"publish","type":"post","link":"https:\/\/kunstinargentinien.com\/index.php\/2011\/06\/26\/culmina-torre-de-babel\/","title":{"rendered":"Culmina Torre de Babel \/ Babel-B\u00fccherturm wird abgebaut"},"content":{"rendered":"<p><strong>Dos d\u00edas para visitar la obra de Marta Minuj\u00edn \/ Es bleiben zwei Tage, um Marta Minuj\u00edns Kunstwerk zu besuchen<\/strong><\/p>\n<p><a href=\"http:\/\/kunstinargentinien.com\/wp-content\/uploads\/2011\/06\/babel.jpg\"><img loading=\"lazy\" decoding=\"async\" src=\"http:\/\/kunstinargentinien.com\/wp-content\/uploads\/2011\/06\/babel.jpg\" alt=\"\" title=\"babel\" width=\"500\" height=\"121\" class=\"aligncenter size-full wp-image-7760\" srcset=\"https:\/\/kunstinargentinien.com\/wp-content\/uploads\/2011\/06\/babel.jpg 500w, https:\/\/kunstinargentinien.com\/wp-content\/uploads\/2011\/06\/babel-300x72.jpg 300w\" sizes=\"auto, (max-width: 500px) 100vw, 500px\" \/><\/a><br \/>\nEl lunes 27 ser\u00e1 el \u00faltimo d\u00eda en el que se podr\u00e1 visitar la Torre de Babel de Libros, obra de Marta Minuj\u00edn, emplazada en la Plaza San Mart\u00edn. Hay que reservar un lugar <a href=\"http:\/\/www.capitaldellibro2011.gob.ar\/torredebabel\/\">v\u00eda web<\/a> o personalmente en el lugar.<\/p>\n<p>Montag, der 27. Juni, ist der letzte Tag, an dem man das Kunstwerk &#8220;Torre de Babel de Libros&#8221; (Babel-B\u00fccherturm) von Marta Minuj\u00edn, das auf der Plaza San Mart\u00edn aufgebaut ist, besuchen kann. F\u00fcr die drei F\u00fchrungen pro Stunde kann man sich entweder <a href=\"http:\/\/www.capitaldellibro2011.gob.ar\/torredebabel\/\">per Internet<\/a> oder pers\u00f6nlich vor Ort anmelden.<\/p>\n","protected":false},"excerpt":{"rendered":"<p>Dos d\u00edas para visitar la obra de Marta Minuj\u00edn \/ Es bleiben zwei Tage, um Marta Minuj\u00edns Kunstwerk zu besuchen El lunes 27 ser\u00e1 el \u00faltimo d\u00eda en el que se podr\u00e1 visitar la Torre de Babel de Libros, obra de Marta Minuj\u00edn, emplazada en la Plaza San Mart\u00edn. Hay que reservar un lugar v\u00eda [&hellip;]<\/p>\n","protected":false},"author":1,"featured_media":0,"comment_status":"open","ping_status":"open","sticky":false,"template":"","format":"standard","meta":{"footnotes":""},"categories":[4],"tags":[],"class_list":["post-7759","post","type-post","status-publish","format-standard","hentry","category-tipp-der-woche-recomendacion-de-la-semana"],"_links":{"self":[{"href":"https:\/\/kunstinargentinien.com\/index.php\/wp-json\/wp\/v2\/posts\/7759","targetHints":{"allow":["GET"]}}],"collection":[{"href":"https:\/\/kunstinargentinien.com\/index.php\/wp-json\/wp\/v2\/posts"}],"about":[{"href":"https:\/\/kunstinargentinien.com\/index.php\/wp-json\/wp\/v2\/types\/post"}],"author":[{"embeddable":true,"href":"https:\/\/kunstinargentinien.com\/index.php\/wp-json\/wp\/v2\/users\/1"}],"replies":[{"embeddable":true,"href":"https:\/\/kunstinargentinien.com\/index.php\/wp-json\/wp\/v2\/comments?post=7759"}],"version-history":[{"count":3,"href":"https:\/\/kunstinargentinien.com\/index.php\/wp-json\/wp\/v2\/posts\/7759\/revisions"}],"predecessor-version":[{"id":7762,"href":"https:\/\/kunstinargentinien.com\/index.php\/wp-json\/wp\/v2\/posts\/7759\/revisions\/7762"}],"wp:attachment":[{"href":"https:\/\/kunstinargentinien.com\/index.php\/wp-json\/wp\/v2\/media?parent=7759"}],"wp:term":[{"taxonomy":"category","embeddable":true,"href":"https:\/\/kunstinargentinien.com\/index.php\/wp-json\/wp\/v2\/categories?post=7759"},{"taxonomy":"post_tag","embeddable":true,"href":"https:\/\/kunstinargentinien.com\/index.php\/wp-json\/wp\/v2\/tags?post=7759"}],"curies":[{"name":"wp","href":"https:\/\/api.w.org\/{rel}","templated":true}]}}