{"id":7878,"date":"2011-07-03T18:09:20","date_gmt":"2011-07-03T21:09:20","guid":{"rendered":"http:\/\/kunstinargentinien.com\/?p=7878"},"modified":"2011-07-03T22:49:00","modified_gmt":"2011-07-04T01:49:00","slug":"innehalten-und-genauer-hinsehen","status":"publish","type":"post","link":"https:\/\/kunstinargentinien.com\/index.php\/2011\/07\/03\/innehalten-und-genauer-hinsehen\/","title":{"rendered":"Innehalten und genauer hinsehen"},"content":{"rendered":"<p><strong>&#8220;El rayo verde&#8221; in der Galerie Ruth Benzacar<\/p>\n<p><em>Von Jasmin M\u00fcller<\/em><\/strong><\/p>\n<p><a href=\"http:\/\/kunstinargentinien.com\/wp-content\/uploads\/2011\/07\/jorge_macchi_1.jpg\"><img loading=\"lazy\" decoding=\"async\" src=\"http:\/\/kunstinargentinien.com\/wp-content\/uploads\/2011\/07\/jorge_macchi_1.jpg\" alt=\"\" title=\"jorge_macchi_1\" width=\"500\" height=\"334\" class=\"aligncenter size-full wp-image-7879\" srcset=\"https:\/\/kunstinargentinien.com\/wp-content\/uploads\/2011\/07\/jorge_macchi_1.jpg 500w, https:\/\/kunstinargentinien.com\/wp-content\/uploads\/2011\/07\/jorge_macchi_1-300x200.jpg 300w\" sizes=\"auto, (max-width: 500px) 100vw, 500px\" \/><\/a><br \/>\nEin randvolles Glas Wasser und drei leere Joghurtt\u00fcten, die an einem Wollfaden von der Decke h\u00e4ngen &#8211; ein Teil der Kunstwerke, die momentan in der <a href=\"http:\/\/www.ruthbenzacar.com\/\"> Galerie Ruth Benzacar<\/a> zu sehen sind und einem auf den ersten Blick sehr suspekt erscheinen. Doch genau das ist die Aussage der Ausstellung &#8220;El rayo verde&#8221;. Es geht nicht darum, alles mit einem kurzen vorbeistreifenden Blick schnell zu \u00fcberfliegen. Vielmehr soll man innehalten und genauer hinsehen. Denn so entdeckt man vielleicht Dinge, die man sonst nicht sehen w\u00fcrde.<\/p>\n<p>Dieses Vorgehen impliziert bereits der Name der Ausstellung &#8211; &#8220;Der gr\u00fcne Strahl&#8221;. Dieser ist ein \u00e4u\u00dferst seltenes Naturph\u00e4nomen. Unter bestimmten Bedingungen leuchtet am oberen Rand der Sonne ein gr\u00fcner Lichtblitz auf, der mit dem blo\u00dfen Auge jedoch kaum festzustellen ist \u2013 man muss schon sehr genau hinsehen. Der gleichnamige Liebesroman des franz\u00f6sischen Schriftstellers Jules Verne handelt von der Suche nach optimalen Bedingungen, um den gr\u00fcnen Strahl zu sehen.<\/p>\n<p>Die sechs argentinischen K\u00fcnstler Jorge Macchi, Leopoldo Estol, Pablo Accinelli, Erica Bohm, Fabio Kacero und Nicolas Robbio sowie der Brasilianier Ir\u00e1n do Espiritu Santo zeigen bis zum 29.7. scheinbar allt\u00e4gliche und banale Objekte, wie beispielsweise die unbeschriebenen wei\u00dfen Bl\u00e4tter, die an einer Wand h\u00e4ngen. Hebt man die Zettel an und schaut darunter, sieht man Linien, Karos oder Notenlinien.<\/p>\n<p>&#8220;Aguzar la vista, esperar, descubrir, quizas no&#8221; \u2013 Den Blick sch\u00e4rfen, warten, entdecken, vielleicht nicht. Aber auf einen Versuch kommt es an!<\/p>\n<p><strong>Foto:<\/strong><br \/>\nSubtil: Jorge Macchis Werk ist nicht auf den ersten Blick zu entschl\u00fcsseln.<\/p>\n","protected":false},"excerpt":{"rendered":"<p>&#8220;El rayo verde&#8221; in der Galerie Ruth Benzacar Von Jasmin M\u00fcller Ein randvolles Glas Wasser und drei leere Joghurtt\u00fcten, die an einem Wollfaden von der Decke h\u00e4ngen &#8211; ein Teil der Kunstwerke, die momentan in der Galerie Ruth Benzacar zu sehen sind und einem auf den ersten Blick sehr suspekt erscheinen. Doch genau das ist [&hellip;]<\/p>\n","protected":false},"author":1,"featured_media":0,"comment_status":"open","ping_status":"open","sticky":false,"template":"","format":"standard","meta":{"footnotes":""},"categories":[4],"tags":[],"class_list":["post-7878","post","type-post","status-publish","format-standard","hentry","category-tipp-der-woche-recomendacion-de-la-semana"],"_links":{"self":[{"href":"https:\/\/kunstinargentinien.com\/index.php\/wp-json\/wp\/v2\/posts\/7878","targetHints":{"allow":["GET"]}}],"collection":[{"href":"https:\/\/kunstinargentinien.com\/index.php\/wp-json\/wp\/v2\/posts"}],"about":[{"href":"https:\/\/kunstinargentinien.com\/index.php\/wp-json\/wp\/v2\/types\/post"}],"author":[{"embeddable":true,"href":"https:\/\/kunstinargentinien.com\/index.php\/wp-json\/wp\/v2\/users\/1"}],"replies":[{"embeddable":true,"href":"https:\/\/kunstinargentinien.com\/index.php\/wp-json\/wp\/v2\/comments?post=7878"}],"version-history":[{"count":3,"href":"https:\/\/kunstinargentinien.com\/index.php\/wp-json\/wp\/v2\/posts\/7878\/revisions"}],"predecessor-version":[{"id":7908,"href":"https:\/\/kunstinargentinien.com\/index.php\/wp-json\/wp\/v2\/posts\/7878\/revisions\/7908"}],"wp:attachment":[{"href":"https:\/\/kunstinargentinien.com\/index.php\/wp-json\/wp\/v2\/media?parent=7878"}],"wp:term":[{"taxonomy":"category","embeddable":true,"href":"https:\/\/kunstinargentinien.com\/index.php\/wp-json\/wp\/v2\/categories?post=7878"},{"taxonomy":"post_tag","embeddable":true,"href":"https:\/\/kunstinargentinien.com\/index.php\/wp-json\/wp\/v2\/tags?post=7878"}],"curies":[{"name":"wp","href":"https:\/\/api.w.org\/{rel}","templated":true}]}}