{"id":7897,"date":"2011-07-01T09:45:39","date_gmt":"2011-07-01T12:45:39","guid":{"rendered":"http:\/\/kunstinargentinien.com\/?p=7897"},"modified":"2011-07-03T22:58:46","modified_gmt":"2011-07-04T01:58:46","slug":"klavierkonzerte-von-volker-ziemendorff","status":"publish","type":"post","link":"https:\/\/kunstinargentinien.com\/index.php\/2011\/07\/01\/klavierkonzerte-von-volker-ziemendorff\/","title":{"rendered":"Klavierkonzerte von Volker Ziemendorff"},"content":{"rendered":"<p><strong>Erstes Konzert des deutschen Pianisten am 8. Juli<\/p>\n<p><em>Von Susanne Franz<\/em><\/strong><\/p>\n<p><a href=\"http:\/\/kunstinargentinien.com\/wp-content\/uploads\/2011\/07\/Piano.jpg\"><img loading=\"lazy\" decoding=\"async\" src=\"http:\/\/kunstinargentinien.com\/wp-content\/uploads\/2011\/07\/Piano.jpg\" alt=\"\" title=\"Piano\" width=\"250\" height=\"156\" class=\"alignleft size-full wp-image-7903\" \/><\/a>Unter der Schirmherrschaft der Deutschen Botschaft in Buenos Aires unternimmt der in Argentinien lebende deutsche Pianist Volker Ziemendorff eine Kozerttournee durch Argentinien und Deutschland. Am kommende Freitag, dem 8. Juli, um 19 Uhr, findet das erste Konzert im Museo Isaac Fern\u00e1ndez Blanco, Suipacha 1422. Buenos Aires, statt. Auf dem Programm stehen die Sonate A-dur, D 959, von Schubert und die Kreisleriana, op. 16 von Schumann. Am 31.7., um 17.30 Uhr, spielt Ziemendorff in der Scala de San Telmo, Pasaje Giuffra 371. ebenfalls in der Hauptstadt. Die Tourneedaten in Deutschland sind: 20.8., Hamburg; 21.8., Gl\u00fcckstadt; 9.9., Neuenhain; 10.9., Kelkheim. Abschlie\u00dfend steht dann Posadas, Provinz Misiones, auf dem Programm, wo Ziemendorff am 23.9. um 20 Uhr ein \u201cConcierto por la Igualdad\u201d (Konzert f\u00fcr die Gleichheit) im Teatro L\u00edrico del Centro del Conocimiento in Posadas gibt.<!--more--><\/p>\n<p>Volker Ziemendorff erhielt Klavierunterricht bei Brigitte Adam an der Musikschule Kelkheim und studierte sp\u00e4ter bei Ralf Nattkemper an der Musikhochschule Hamburg. Daneben nahm er an verschiedenen Meisterkursen teil, unter anderem bei Jenny Zaharieva (Sofia) und dem Arrau-Sch\u00fcler Nelson delle Vigne-Fabbri (Br\u00fcssel). Au\u00dferhalb der Hochschule studierte er viele Jahre lang intensiv bei Fausto Zadra, sowohl auf Kursen in verschiedenen L\u00e4ndern als auch vor allem in Zadras \u201cEcole internationale de piano\u201d bei Lausanne, wo junge Pianisten aus ganz Europa zusammenkamen. Volker Ziemendorff hat in Frankreich, Spanien, Italien, der Schweiz, England, Deutschland und Argentinien Klavierabende gegeben und ist als Solist mit verschiedenen Orchestern sowie als Kammermusiker aufgetreten. In Frankreich und Argentinien wurde er zu internationalen Festivals eingeladen. Das Weitergeben seiner Kenntnisse, auf Kursen oder bei eigenen Sch\u00fclern, nimmt neben dem eigenen Spiel einen wichtigen Platz in seiner musikalischen Aktivit\u00e4t ein.<\/p>\n<p>Weitere Informationen <a href=\"http:\/\/www.estudiodepiano.com.ar\/index.html\"><em>hier<\/em><\/a>.<\/p>\n","protected":false},"excerpt":{"rendered":"<p>Erstes Konzert des deutschen Pianisten am 8. Juli Von Susanne Franz Unter der Schirmherrschaft der Deutschen Botschaft in Buenos Aires unternimmt der in Argentinien lebende deutsche Pianist Volker Ziemendorff eine Kozerttournee durch Argentinien und Deutschland. Am kommende Freitag, dem 8. Juli, um 19 Uhr, findet das erste Konzert im Museo Isaac Fern\u00e1ndez Blanco, Suipacha 1422. [&hellip;]<\/p>\n","protected":false},"author":1,"featured_media":0,"comment_status":"open","ping_status":"open","sticky":false,"template":"","format":"standard","meta":{"footnotes":""},"categories":[1],"tags":[],"class_list":["post-7897","post","type-post","status-publish","format-standard","hentry","category-allgemein-general"],"_links":{"self":[{"href":"https:\/\/kunstinargentinien.com\/index.php\/wp-json\/wp\/v2\/posts\/7897","targetHints":{"allow":["GET"]}}],"collection":[{"href":"https:\/\/kunstinargentinien.com\/index.php\/wp-json\/wp\/v2\/posts"}],"about":[{"href":"https:\/\/kunstinargentinien.com\/index.php\/wp-json\/wp\/v2\/types\/post"}],"author":[{"embeddable":true,"href":"https:\/\/kunstinargentinien.com\/index.php\/wp-json\/wp\/v2\/users\/1"}],"replies":[{"embeddable":true,"href":"https:\/\/kunstinargentinien.com\/index.php\/wp-json\/wp\/v2\/comments?post=7897"}],"version-history":[{"count":8,"href":"https:\/\/kunstinargentinien.com\/index.php\/wp-json\/wp\/v2\/posts\/7897\/revisions"}],"predecessor-version":[{"id":7911,"href":"https:\/\/kunstinargentinien.com\/index.php\/wp-json\/wp\/v2\/posts\/7897\/revisions\/7911"}],"wp:attachment":[{"href":"https:\/\/kunstinargentinien.com\/index.php\/wp-json\/wp\/v2\/media?parent=7897"}],"wp:term":[{"taxonomy":"category","embeddable":true,"href":"https:\/\/kunstinargentinien.com\/index.php\/wp-json\/wp\/v2\/categories?post=7897"},{"taxonomy":"post_tag","embeddable":true,"href":"https:\/\/kunstinargentinien.com\/index.php\/wp-json\/wp\/v2\/tags?post=7897"}],"curies":[{"name":"wp","href":"https:\/\/api.w.org\/{rel}","templated":true}]}}