{"id":805,"date":"2006-12-02T11:00:31","date_gmt":"2006-12-02T14:00:31","guid":{"rendered":"http:\/\/kunstinargentinien.com\/index.php\/2006\/12\/02\/agenda-kalender-35\/"},"modified":"2006-12-11T13:08:54","modified_gmt":"2006-12-11T16:08:54","slug":"agenda-kalender-35","status":"publish","type":"post","link":"https:\/\/kunstinargentinien.com\/index.php\/2006\/12\/02\/agenda-kalender-35\/","title":{"rendered":"Agenda \/ Kalender"},"content":{"rendered":"<p><a href=\"http:\/\/kunstinargentinien.com\/index.php\/2006\/12\/02\/kalender-agenda-42\/\">Klicken Sie hier, um die deutsche Version zu lesen.<\/a><\/p>\n<p><strong>Agenda de Muestras 02\/12\/06-09\/12\/06<\/strong><\/p>\n<div align=center><img decoding=\"async\" id=\"image806\" alt=Deira2.jpg src=\"http:\/\/kunstinargentinien.com\/wp-content\/uploads\/2006\/11\/Deira2.jpg\" \/><br \/>\n<em>Ernesto Deira, &#8220;Allons enfants&#8221;, 1983, acr\u00edlico sobre tela, 150 x 150 cm.<br \/>\nUna de las obras que se ven en la retrospectiva en el <a href=\"http:\/\/www.mnba.org.ar\/\">MNBA<\/a>.<\/em><\/div>\n<p><em><strong>Centros de exposiciones<\/strong><\/em><\/p>\n<ul>\n<li>MALBA (Museo de Arte Latinoamericano de Buenos Aires), Av. Figueroa Alcorta 3415 (Jue-Lun y feriados 12-20 hs, martes cerrado, Mi\u00e9rcoles hasta 21 hs, entrada libre. Los otros d\u00edas: entrada 10 pesos, docentes y mayores de 65 a\u00f1os 5 pesos, estudiantes, menores de 12 a\u00f1os y discapacitados gratis): &#8220;Una larga historia con muchos nudos. Fluxus en Alemania 1962-1994&#8221;. Curadores: Ren\u00e9 Block y Gabriele Knapstein. 17.11.-30.01.2007. \/ &#8220;Moda con identidad criolla&#8221;. Curadoras: Felisa Pinto y Victoria Lescano. Del 8 de diciembre de 2006 al 15 de enero de 2007. Inauguraci\u00f3n: jueves 7 de diciembre a las 19 hs. \/ Marta Minuj\u00edn. &#8220;Los meses del a\u00f1o&#8221; (Terraza). Del 8 de diciembre de 2006 a septiembre de 2007. Inauguraci\u00f3n: jueves 7 de diciembre a las 19 hs. \/ Sergio Avello, &#8220;Volumen&#8221; (Explanada). Del 8 de diciembre de 2006 a septiembre de 2007. Inauguraci\u00f3n: jueves 7 de diciembre a las 19 hs.<\/li>\n<p><!--more--><\/p>\n<li>Centro Cultural Recoleta, Jun\u00edn 1930 (Mar-Vie 14-21, Sab, Dom y feriados 10-21 hs, entrada 1 peso): Tony Cragg, esculturas. Salas Cronopios y C. 31.10.-3.12. \/ Rosa Revsin, &#8220;Terezin &#8211; Arte contra la muerte&#8221;. Sala 10. 9.11.-3.12.<\/li>\n<li>Centro Cultural Borges, Viamonte\/San Mart\u00edn (Lun-Sab 11-21, Dom 12-21 hs. Entrada 3 pesos, jubilados y estudiantes 1,50 pesos; Torres Garc\u00eda: 6 pesos, jubilados y estudiantes 4 pesos; &#8220;World Press Photo&#8221;: 8 pesos, jubilados y estudiantes 6 pesos): Joaqu\u00edn Torres Garc\u00eda, &#8220;Universalismo Constructivo&#8221;. 25.10.-11.02.07. \/ &#8220;World Press Photo 2006&#8221;. 2.11.-3.12. \/ &#8220;Perif\u00e9rica Arte de Base&#8221;. Inauguraci\u00f3n: 6 de diciembre, 20 hs. Hasta 10 de diciembre.<\/li>\n<li>Museo Nacional de Bellas Artes (MNBA), Av. del Libertador 1473 (Mar-Vie 12.30-19.30, Sab y Dom 9.30-19.30 hs, entrada libre): &#8220;Obsesiones, Obras de la Colecci\u00f3n Fotogr\u00e1fica del MNBA&#8221;. Expositores: Adriana Lestido, David Beniluz, Pablo Tapia, Gustav  Schottmann, Eduardo Gil y Sebasti\u00e1n Szyd (Argentina), Diana Blok (Holanda), Ralph Gibson (EEUU), Sandra Eleta (Panam\u00e1), Chema Madoz y Rafael Navarro (Espa\u00f1a), Hun Sungpil (Corea). 9.11.-10.12. \/ Luc\u00eda Pacenza, &#8220;Desde el Sur&#8221;, esculturas. Desde 15.11. \/ Ernesto Deira, retrospectiva a 20 a\u00f1os de su muerte. 29.11.-18.02.07.<\/li>\n<\/ul>\n<p><em><strong>Otras exposiciones<\/strong><\/em><\/p>\n<ul>\n<li>&#8220;Terreno de Arte Experimental, Fase 2: Espacios interiores\/exteriores&#8221;, intervenciones art\u00edsticas de Mireya Baglietto, Nora Correas, Guillermo Tazelaar, Ra\u00fal Fern\u00e1ndez Olivi, Paulina Webb, Jorge Caterbetti, V. Corda &#038; M.P. Doberti, Italo Chiantore y Norma Siguelboim. Curadora: Claudia Aranovich. En los jardines del Centro de Museos de Buenos Aires, Av. de los Italianos 851, Costanera Sur. Martes a viernes de 14 a 18 hs., con entrada libre y gratuita. S\u00e1bados y domingos de 10 a 19 hs., con entrada general de $ 3 y para residentes de $ 1. 23.9.-3.12.<\/li>\n<li>Gertrudis Chale (Austria), &#8220;el &#8220;estar&#8221; en Am\u00e9rica&#8221;, pinturas. Museo de la Universidad Nacional Tres de Febrero, Valent\u00edn G\u00f3mez 4828\/38 (frente a la estaci\u00f3n), Caseros, Pcia. de Buenos Aires. Lun-Sab 11-20 hs. 25.10.-diciembre.<\/li>\n<li>Bel\u00e9n Lagar, &#8220;Animahule&#8221;, objeto-instalaci\u00f3n. Elsi del Rio, Ar\u00e9valo 1748, Palermo Hollywood. Mar-Vie 15-20, Sab 11-14 hs. 26.10.-2.12.<\/li>\n<li>&#8220;Foto Relaci\u00f3n \/ Fotobeziehung&#8221;, instalaci\u00f3n fotogr\u00e1fica de Celeste Palacios (Argentina) y Phillip Dylan T. Knobloch (Alemania). Galer\u00eda AnteSala de Quintodeva, Pasaje Agust\u00edn P\u00e9rez n\u00ba10 &#8211; ex. Mercado de Abasto, C\u00f3rdoba. S\u00e1bados y domingos de 18:30 a 21 hs. 27.10.-16.12.<\/li>\n<li>Alfredo Lazzari (Italia, 1871-1949), retrospectiva de sus pinturas. Museo &#8216;Isaac Fern\u00e1ndez Blanco&#8217;, Suipacha 1422. Mar-Dom 14-19 hs. 31.10.-17.12.<\/li>\n<li>Luis Felipe No\u00e9, &#8220;\u00bfQu\u00e9?&#8221;. Galer\u00eda Rubbers Internacional, Av. Alvear 1595. 3.11.-2.12.<\/li>\n<li>15\u00ba Edici\u00f3n de &#8220;Esculturas en el Jard\u00edn&#8221;, 1992-2006. Curadora: Nelly Perrazzo. Jard\u00edn del Museo Enrique Larreta, Juramento 2291. 4.11.-3.12.<\/li>\n<li>Juan Carlos Liberti, &#8220;40 A\u00f1os de Surrealismo&#8221;. Colecci\u00f3n Alvear de Zurbar\u00e1n, Av. Alvear 1658. Lun-Vie 10.30-21, Sab 10.30-13 hs. Desde 6.11.<\/li>\n<li>Gustavo Soler, &#8220;La Inocencia Roja&#8221;, pinturas. Kahlo Arte &#038; Dise\u00f1o, Av. Alvear 1777. Lun-Vie 14-19 hs. Desde 6.11.<\/li>\n<li>Eduardo Longoni, &#8220;Violencias. Argentina 1980-2003&#8221;. FotoGaler\u00eda del Teatro San Mart\u00edn, Av. Corrientes 1530. Lunes a viernes desde las 12 horas y los s\u00e1bados y domingos desde las 14 horas hasta la finalizaci\u00f3n de las actividades del d\u00eda en el teatro. Entrada libre. 7.11.-17.12.<\/li>\n<li>&#8220;Bajo Influencia&#8221;, fotos y dibujos de Ana Barbon, Fernando Brizuela, Anal\u00eda Canal-Feijoo, Luciano Garbati, Julia Goldenberg, B\u00e1rbara Kaplan, Mariana Mattar y Fabi\u00e1n Ramos. Curador: Fernando Brizuela. Galer\u00eda Agalma.arte, Libertad 1389. Lun-Vie 12-20, Sab 11-13.30 hs. 7.11.-diciembre.<\/li>\n<li>Sara Swiecarz, pinturas. Victor Najmias Art Gallery International, Costa Rica 4688, Palermo Soho. Lunes a viernes de 15.30 a 19.30 hs. Desde 7.11.<\/li>\n<li>Cora Reutemann, &#8220;My Vision&#8221;. Daniel Maman Fine Art, Av. del Libertador 2475. Desde 8.11.<\/li>\n<li>&#8220;La Mirada Discreta&#8221;, obras de Marcel Odenbach (Alemania) y Robert Cahen (Francia). Curadora: Solange Farkas. Espacio Fundaci\u00f3n Telef\u00f3nica, Arenales 1540. Mar-Sab 15-20 hs. 14.11.-14.1.2007.<\/li>\n<li>Patricio Larrambebere, &#8220;Coghlan&#8221;. Juana de Arco Casa de Arte, Costa Rica 4574 Timbre Botones. Jue-Mar 14-20 hs. 14.11.-17.12.<\/li>\n<li>&#8220;nudos &#038; des-nudos&#8221;, obras de Alonso, Bianchedi, Demirji\u00e1n, Mlynarzewicz, Roux. RO Galer\u00eda de Arte, Paran\u00e1 1158. Lunes a Viernes de 11 a 20 hs. 14.11.-11.12.<\/li>\n<li>Adriana Zapisek, &#8220;Entreacto&#8221;, Pintura, Gr\u00e1fica y Dibujos. Atica, Libertad 1240, PB &#8220;9&#8221;. Lun-Vie 11-13 y 15-20, Sab 11-13.30 hs. 14.11.-9.12.<\/li>\n<li>Mariano Vilela, &#8220;Notas Marginales&#8221;. Dabbah-Torrej\u00f3n, S\u00e1nchez de Bustamante 1187. Mie-Vie 15-20, Sab 12-18 hs. Desde 15.11.<\/li>\n<li><a href=\"http:\/\/www.estudioabierto.gov.ar\">&#8220;Estudio Abierto Centro 06&#8221;<\/a>, Festival de Arte y Cultura Contempor\u00e1nea. M\u00e1s que 170 artistas nacionales y extranjeros, m\u00fasica, perfomances, recorridos por talleres de artistas y los edificios hist\u00f3ricos de la zona. Palacio de Correos, Av. Corrientes 106. Lun-Dom 12-24 hs. Entrada gratis. 16.11.-3.12.<\/li>\n<li>Jorge Porcel de Peralta, &#8220;Todo lo que veo es mucho m\u00e1s de lo que veo&#8221;. \/ Lucas Rubinich, &#8220;Loquedesacomoda&#8221;, Acci\u00f3n \u2013 Instalaci\u00f3n. Curador: Diego Melero (Gabinete de Arte y Pol\u00edtica). Arcimboldo Galer\u00eda de Arte, Reconquista 761 PA 14. Lunes a viernes de 15 a 19 hs, s\u00e1bados de 11 a 13 hs. 28 de noviembre a 20 de diciembre.<\/li>\n<li>&#8220;Curriculum cero &#8217;06&#8221;. Exposici\u00f3n de trabajos seleccionados. \/ PROVISORIO PERMANENTE,<br \/>\n&#8220;Alguien llama&#8221; (NuevoEspacio). Ruth Benzacar, Florida 1000. 29 de noviembre al 30 de diciembre.<\/li>\n<li>&#8220;Los Coleccionables, 30 artistas en el desv\u00e1n&#8221;, obras de peque\u00f1o formato de Marcelo Martinez Cas\u00e1s, Sebasti\u00e1n Chel\u00eda, Laura Benchetrit, Ercilia Bertagnini, Fernando Aleman, Cachorro Agote, Ana Kozel, Silvia Barbero, Gabriel Karavokiris, Elena Kervorkian, Jorge Janco, Octavio Rojo, Mar\u00eda Carolina Porral, Ricardo Dallalasta, Milagros Torreblanca, Costanza Villareal, Nora Maggiore, Dani Dan, Claudia Melo, B\u00e1rbara Steimberg, Gabriel Gr\u00fcn, Diego Perrotta, Pedro Iacomuzzi, Gabriel Sainz, A\u00edda Kolodny, Germ\u00e1n Wendel, Eduardo Iglesias Brickles, Mar\u00eda Laura Pini, Alicia Carletti, Jorge Alvaro, Eduardo Pl\u00e1, Claudia Fernandez, Febe Defelipe, Silvina Lobo y Carlos Scaramella. Galer\u00eda Holz, Arroyo 862; 4394-0779. Del 30 de noviembre al 7 de diciembre. Abierto de 10 a 22 hs. durante esa semana.<\/li>\n<li>Lena Szankay, fotograf\u00edas. Asociaci\u00f3n Cultural Pestalozzi, Freire 1882, Belgrano R. Desde 1 de diciembre.<\/li>\n<li>Liniers y Larivi\u00e9re en Wussmann, Venezuela 570. Inauguraci\u00f3n: 6 de diciembre, 19 hs.<\/li>\n<li>&#8220;Perif\u00e9rica Arte de Base&#8221;. Centro Cultural Borges, Viamonte esq. San Mart\u00edn. Horarios: lunes a s\u00e1bado de 10 a 21. Domingos de 12 a 21. Del 6 al 10 de diciembre. Inauguraci\u00f3n: 6 de diciembre, 20 hs. Informes: 5555-5359.<\/li>\n<\/ul>\n","protected":false},"excerpt":{"rendered":"<p>Klicken Sie hier, um die deutsche Version zu lesen. Agenda de Muestras 02\/12\/06-09\/12\/06 Ernesto Deira, &#8220;Allons enfants&#8221;, 1983, acr\u00edlico sobre tela, 150 x 150 cm. Una de las obras que se ven en la retrospectiva en el MNBA. Centros de exposiciones MALBA (Museo de Arte Latinoamericano de Buenos Aires), Av. Figueroa Alcorta 3415 (Jue-Lun y [&hellip;]<\/p>\n","protected":false},"author":1,"featured_media":0,"comment_status":"open","ping_status":"open","sticky":false,"template":"","format":"standard","meta":{"footnotes":""},"categories":[3],"tags":[],"class_list":["post-805","post","type-post","status-publish","format-standard","hentry","category-kalender-agenda"],"_links":{"self":[{"href":"https:\/\/kunstinargentinien.com\/index.php\/wp-json\/wp\/v2\/posts\/805","targetHints":{"allow":["GET"]}}],"collection":[{"href":"https:\/\/kunstinargentinien.com\/index.php\/wp-json\/wp\/v2\/posts"}],"about":[{"href":"https:\/\/kunstinargentinien.com\/index.php\/wp-json\/wp\/v2\/types\/post"}],"author":[{"embeddable":true,"href":"https:\/\/kunstinargentinien.com\/index.php\/wp-json\/wp\/v2\/users\/1"}],"replies":[{"embeddable":true,"href":"https:\/\/kunstinargentinien.com\/index.php\/wp-json\/wp\/v2\/comments?post=805"}],"version-history":[{"count":0,"href":"https:\/\/kunstinargentinien.com\/index.php\/wp-json\/wp\/v2\/posts\/805\/revisions"}],"wp:attachment":[{"href":"https:\/\/kunstinargentinien.com\/index.php\/wp-json\/wp\/v2\/media?parent=805"}],"wp:term":[{"taxonomy":"category","embeddable":true,"href":"https:\/\/kunstinargentinien.com\/index.php\/wp-json\/wp\/v2\/categories?post=805"},{"taxonomy":"post_tag","embeddable":true,"href":"https:\/\/kunstinargentinien.com\/index.php\/wp-json\/wp\/v2\/tags?post=805"}],"curies":[{"name":"wp","href":"https:\/\/api.w.org\/{rel}","templated":true}]}}