{"id":8050,"date":"2011-07-23T14:17:11","date_gmt":"2011-07-23T17:17:11","guid":{"rendered":"http:\/\/kunstinargentinien.com\/?p=8050"},"modified":"2011-07-30T18:32:55","modified_gmt":"2011-07-30T21:32:55","slug":"agenda-kalender-271","status":"publish","type":"post","link":"https:\/\/kunstinargentinien.com\/index.php\/2011\/07\/23\/agenda-kalender-271\/","title":{"rendered":"Agenda \/ Kalender"},"content":{"rendered":"<p><a href=\"http:\/\/kunstinargentinien.com\/index.php\/2011\/07\/23\/kalender-agenda-280\/\">Klicken Sie hier, um die deutsche Version zu lesen.<\/a><\/p>\n<p><strong>Agenda de Muestras 23\/07\/11-30\/07\/11<\/p>\n<p><em>Por Susanne Franz<\/em><\/strong><\/p>\n<p><a href=\"http:\/\/kunstinargentinien.com\/wp-content\/uploads\/2011\/07\/britos.jpg\"><img loading=\"lazy\" decoding=\"async\" src=\"http:\/\/kunstinargentinien.com\/wp-content\/uploads\/2011\/07\/britos.jpg\" alt=\"\" title=\"britos\" width=\"250\" height=\"250\" class=\"alignleft size-full wp-image-8053\" srcset=\"https:\/\/kunstinargentinien.com\/wp-content\/uploads\/2011\/07\/britos.jpg 250w, https:\/\/kunstinargentinien.com\/wp-content\/uploads\/2011\/07\/britos-150x150.jpg 150w\" sizes=\"auto, (max-width: 250px) 100vw, 250px\" \/><\/a>Este fin de semana es la \u00faltima oportunidad de visitar la muestra &#8220;Oriente Occidente&#8221; del fot\u00f3grafo paraguayo Juan Britos, en conmemoraci\u00f3n del Bicentenario de la Independencia de Paraguay. Dice Britos en el texto de presentaci\u00f3n de la obra: &#8220;\u00bfQu\u00e9 belleza oculta lo invisible? Conocer diferentes culturas es recorrer un territorio extra\u00f1o y a la vez fascinante. Lugar o no lugar que transitamos constantemente a veces dif\u00edciles de entender y aceptar. Quiz\u00e1s la belleza est\u00e9 en el intercambio cultural y el respeto mutuo entre la gente.&#8221;<\/p>\n<p>La Galer\u00eda <a href=\"http:\/\/laguanacazul.com\/\">Laguanacazul<\/a> (Defensa 677) est\u00e1 abierta s\u00e1bado y domingo, de 10 a 19 horas.<\/p>\n<p>Las muestras de la semana:<!--more--><\/p>\n<p><strong><em>Centros de exposiciones<\/em><\/strong><\/p>\n<ul>\n<li><a href=\"http:\/\/www.malba.org.ar\/web\/\">Malba<\/a> (Museo de Arte Latinoamericano de Buenos Aires), Av. Figueroa Alcorta 3415 (Jue-Lun y feriados 12-20 hs, Mi\u00e9 hasta 21 hs, Mar cerrado. Entrada 22 pesos, docentes, jubilados y estudiantes 11 pesos, menores de 5 a\u00f1os sin cargo. Mi\u00e9: Entrada 10 pesos, docentes y jubilados 5 pesos, estudiantes sin cargo): &#8220;Arte argentino actual en la Colecci\u00f3n de Malba &#8211; Obras 1989-2010&#8221;. Sala 5 (2\u00ba piso). 09.06.-29.08. \/ Ricardo Garabito, dibujos y pinturas. Sala 3 (1\u00ba piso). 12.07.-29.08. \/ &#8220;Contempor\u00e1neo 28: Guillermo Giambiagi, &#8220;Naturaleza Quieta&#8221;. Sala 1 (Planta Baja). Curadora invitada: Cristina Schiavi. 12.07.-29.08.<\/li>\n<li><a href=\"http:\/\/centroculturalrecoleta.org\/ccr-sp\/\">Centro Cultural Recoleta<\/a>, Jun\u00edn 1930 (Lun-Vie 14-21, S\u00e1b, Dom y feriados 10-21 hs. Entrada libre): &#8220;Memoria ilustrada, historietas para no olvidar&#8221;. En el marco de las acciones por el 17\u00ba Aniversario al <a href=\"http:\/\/es.wikipedia.org\/wiki\/Atentado_a_la_AMIA\">atentado a la AMIA<\/a>. Muestra organizada por el Espacio de Arte AMIA. 07.07.-31.07. \/ Stella Sidi, &#8220;Mujeres XX-XXI, Trama y Urdimbre&#8221;. Sala 7. 15.07.-07.08. \/ Azul Blaseotto, &#8220;Historieta Documental&#8221;, historietas y dibujos comenzados a partir de la experiencia de vivir, trabajar y estudiar en Berlin, Alemania, durante dos a\u00f1os y medio. Sala Historieta. 22.07.-14.08.<\/li>\n<li>Centro Cultural Borges, Viamonte\/San Mart\u00edn (Lun-S\u00e1b 10-21, Dom y feriados 12-21 hs): &#8220;L\u00edbero Badii, artista m\u00faltiple&#8221;, obra gr\u00e1fica. 16.06.-31.07. \/ Luis Felipe No\u00e9 y Eduardo Stup\u00eda, &#8220;\u00a1Me arruinaste el dibujo!&#8221;. 07.07.-31.07.<\/li>\n<li><a href=\"http:\/\/www.museodeartemoderno.buenosaires.gob.ar\/mam2.htm\">Museo de Arte Moderno de Buenos Aires<\/a> (MAMba), Av. San Juan 350 (Lun-Vie 12-19, S\u00e1b, Dom y feriados 11-20 hs. Entrada $1. Martes gratis): Pierrick Sorin (Francia), peque\u00f1os teatros \u00f3pticos, video-instalaciones. Sala PB. 26.05.-24.07. \/ &#8220;Interiores&#8221;, fotos de Alberto Goldenstein, Jorge Mi\u00f1o, Carlos Herrera y Ra\u00fal Flores. Sala 1\u00ba piso. 30.06.-31.07.<\/li>\n<li>Museo Eduardo S\u00edvori, Av. Infanta Isabel 555, frente al puente del Rosedal de Palermo (Mar-Vie 12-20, S\u00e1b, Dom y feriados 10-20 hs. Entrada: $1. Mi\u00e9 y S\u00e1b gratis): Enrique Policastro (1898-1971), pinturas. 25.06.-24.07. \/ Natalia Abot y Mar Sol\u00eds, &#8220;Encuentros en el Espacio&#8221;, esculturas. 25.06.-24.07. \/ Taller La Estampa, &#8220;Detr\u00e1s de los Muros&#8221;. 25.06.-24.07. \/ Ileana Cerato, &#8220;Luz&#8221;. 25.06.-24.07.<\/li>\n<li>Museo Casa de Yrurtia, O&#8217;Higgins 2390 (Mar-Vie 13-19, S\u00e1b y Dom 15-19 hs. Entrada: $ 5. Martes gratis): Crovo &#8211; Berb\u00e9n. Sala XI. \/ Sirabo &#8211; Costanzo, esculturas. 08.07.-10.08.<\/li>\n<li>FotoGaler\u00eda del <a href=\"http:\/\/www.complejoteatral.gob.ar\/\">Teatro San Mart\u00edn<\/a>, Av. Corrientes 1530 (Lun-Vie desde las 12, S\u00e1b y Dom desde las 14 hs, hasta la finalizaci\u00f3n de las actividades del d\u00eda en el teatro. Entrada libre): &#8220;El tiempo detenido. Im\u00e1genes de la danza&#8221;, exposici\u00f3n organizada por el Archivo Alem\u00e1n de la Danza y el <a href=\"http:\/\/www.goethe.de\/ins\/ar\/bue\/esindex.htm\">Goethe-Institut<\/a>. 05.07.-31.07. \/ &#8220;50 a\u00f1os en 60 fotos. Un resumen&#8221;, muestra colectiva a prop\u00f3sito de los cincuenta a\u00f1os del Teatro. Salas del primer piso del Hall Central del Teatro. 07.07.-04.09.<\/li>\n<\/ul>\n<p><em><strong>Otras exposiciones<\/strong><\/em><\/p>\n<ul>\n<li>&#8220;Argentina y Alemania en el Caleidoscopio&#8221;, exposici\u00f3n de fotos de gran tama\u00f1o que muestran, de un modo colorido y l\u00fadico, algunos de los rasgos m\u00e1s caracter\u00edsticos de ambos pa\u00edses. <a href=\"http:\/\/www.buenos-aires.diplo.de\/Vertretung\/buenosaires\/es\/Startseite.html\">Embajada de Alemania<\/a>, sobre la calle Luis Mar\u00eda Campos entre Olleros y Gorostiaga. Desde 23.11.<\/li>\n<li>Ra\u00fal Farco, &#8220;En la piel del otro&#8221;, esculturas. Curador: Elio Kapszuk. &#8220;Paseo de las Esculturas&#8221;, Plaza Rub\u00e9n Dar\u00edo, Austria entre Av. del Libertador y Figueroa Alcorta. Desde 12.01.<\/li>\n<li>Claudio Roncoli, &#8220;Black Life&#8221;, pinturas de gran formato, instalaci\u00f3n y objetos. Curador: Jorge Villacorta. Subte Centro de Exposiciones de Arte Contempor\u00e1neo, Plaza Fabini, Avda. 18 de Julio y Julio Herrera y Obes, Montevideo, Uruguay. Mar-Dom 12-21 hs. 09.06.-30.07.<\/li>\n<li>\u201cDe regreso al para\u00edso\u201d, 15 artistas j\u00f3venes argentinos. Curadoras: Magdalena Mosquera y Mar\u00eda Menegazzo Can\u00e9. Espacio Ita\u00fa Cultural, Cerrito y Viamonte. Lun-Vie 10-19.30 hs. Entrada libre. 10.06.-11.08.<\/li>\n<li>&#8220;Arte Tejano: de campos, barrios y fronteras&#8221;. Curador: Ces\u00e1reo Moreno. Espacio de Arte Fundaci\u00f3n Osde, Suipacha 658, 1er piso. Lun-S\u00e1b 12-20, Dom y feriados cerrado. Entrada libre y gratuita. 16.06.-13.08.<\/li>\n<li>Leandro Katz + Leonel Luna, &#8220;LMYLB&#8221;. Nora Fisch, G\u00fcemes 2967, PB. Mar-Vie 15-20 hs. 17.06.-29.07.<\/li>\n<li>&#8220;Im\u00e1genes previas al Naufragio&#8221;, obras de Mar\u00eda In\u00e9s Tapia Vera, Eduardo Iglesias Brickles, Pablo De Monte. Curadora invitada: Pelusa Borthwick. Im\u00e1n de la Boca, Espacio de Arte &#038; Dise\u00f1o, Benito P\u00e9rez Gald\u00f3s 384. Jue y Vie 13-18, S\u00e1b 11-14 hs. 18.06.-07.08.<\/li>\n<li><a href=\"http:\/\/www.kirstenmosel.de\/home.html\">Kirsten Mosel<\/a>, &#8220;Nuevos Cutouts&#8221;. Consulado de la <a href=\"http:\/\/www.buenos-aires.diplo.de\/Vertretung\/buenosaires\/es\/Startseite.html\">Embajada de Alemania en Buenos Aires<\/a>, Villanueva 1055. Lun-Jue 9-17.30, Vie 9-12 hs. 22.06.-04.08.<\/li>\n<li>&#8220;Colecci\u00f3n Brasiliana&#8221;. <a href=\"http:\/\/www.brasil.org.ar\/actividades-culturales\/\">Embajada de Brasil en Buenos Aires<\/a>, Arroyo 1142. Lun-Vie 16-20, S\u00e1b 11-16 hs. Entrada libre y gratuita. 23.06.-06.08.<\/li>\n<li>Carola Rousso, &#8220;Miss Paran\u00e1&#8221;, fotos. <a href=\"http:\/\/www.mat.gov.ar\/\">Museo de Arte de Tigre<\/a>, Paseo Victorica 762, Tigre. Mi\u00e9-Vie 9-19, S\u00e1b y Dom 12-19 hs. 25.06.-28.08.<\/li>\n<li>Rosa Revsin, &#8220;Serie Buenos Aires&#8221;, fotos. Curadores: Alberto Giudici, Pelusa Borthwick, Emilio Casabianca. Centro Cultural de la Cooperaci\u00f3n, Av. Corrientes 1543. Lun-S\u00e1b 10-22, Dom 17-20.30 hs. 28.06.-23.07.<\/li>\n<li>Javier Bilatz, &#8220;Todos Estamos&#8221;, fotos, videos, backlights e instalaci\u00f3n interactiva. Sala I. \/ Nicol\u00e1s Ferrando, &#8220;Paper Bags&#8221;, fotos. Sala II. <a href=\"http:\/\/www.pabellon4.com\/\">Pabell\u00f3n 4 Arte Contempor\u00e1neo<\/a>, Uriarte 1332. Lun-S\u00e1b 16-20 hs. Entrada libre y gratuita. 28.06.-28.07.<\/li>\n<li>Miguel Angel Rios, &#8220;Mecha&#8221;. Sala Principal. \/ &#8220;El rayo verde&#8221;, obras de Pablo Accinnelli, Erica Bohm, Iran Do Espiritu Santo, Leopoldo Estol, Fabio Kacero, Jorge Macchi, Nicol\u00e1s Robbio. NuevoEspacio. <a href=\"http:\/\/www.ruthbenzacar.com\/\">Galer\u00eda Ruth Benzacar<\/a>, Florida 1000. Lun-Vie 11.30-20 hs. 29.06.-29.07.<\/li>\n<li>Juan Britos, &#8220;Oriente\/Occidente&#8221;. Homenaje a Paraguay en su Bicentenario. <a href=\"http:\/\/laguanacazul.com\/\">Laguanacazul Galer\u00eda de Arte<\/a>, Defensa 677. Lun-Dom 10-19 hs. 29.06.-24.07.<\/li>\n<li>Ana Maldonado, &#8220;Relatos de la vida&#8221;. Hoy en el Arte Galer\u00eda, Juncal 848. Lun-Vie 11-20, S\u00e1b 11-14 hs. 29.06.-29.07.<\/li>\n<li>Leticia El Halli Obeid, &#8220;Diamante&#8221;. \/ Cristian Salineros (Chile), &#8220;Lo he pensado muchas veces&#8221;. \/ Julen Birke (Chile), &#8220;ZZZZZZZZ&#8221;. <a href=\"http:\/\/www.arte713.com\/?cId=650\">713 Arte Contempor\u00e1neo<\/a>, Defensa 713, San Telmo. Lun-Vie 14-20, S\u00e1b 14-18 hs. 30.06.-06.08.<\/li>\n<li>&#8220;Argentina, 18 de julio de 1994&#8221;. Espacio Multiarte &#8211; SIGEN. Corrientes 381. En el marco de las acciones por el 17\u00ba Aniversario al <a href=\"http:\/\/es.wikipedia.org\/wiki\/Atentado_a_la_AMIA\">atentado a la AMIA<\/a>. Muestra organizada por el Espacio de Arte AMIA. 05.07.-29.07.<\/li>\n<li>Carlos Alonso, &#8220;Pasteles (1990-2010)&#8221;. <a href=\"http:\/\/www.roart.com.ar\/\">RO Galer\u00eda de Arte<\/a>, Paran\u00e1 1158. Lun-Vie 14-20 hs. 05.07.-29.07.<\/li>\n<li>Carlos Gallardo, &#8220;Destiempos&#8221;, obras 2007-2008. <a href=\"http:\/\/www.rubbers.com.ar\/\">Galer\u00eda Rubbers Internacional<\/a>, Av. Alvear 1595. Lun-Vie 11-20, S\u00e1b 11-13.30 hs. 05.07.-30.07.<\/li>\n<li>&#8220;2 Fel&#8221;, obras de Gala Berger, Itamar Hartavi, Luciana Malfatti y Ramiro Oller. Curador: Carlos Bissolino. Fundaci\u00f3n Esteban Lisa, Rocamora 4555. Lun-Vie 16-20 hs. 07.07.-26.08.<\/li>\n<li>&#8220;Tiempo est\u00e1tico. Jim Campbell: 20 a\u00f1os de arte electr\u00f3nico&#8221;. Espacio Fundaci\u00f3n Telef\u00f3nica, Arenales 1540. Lun-S\u00e1b 14-20.30 hs. Entrada libre y gratuita. 08.07.-01.10.<\/li>\n<li><a href=\"http:\/\/www.rubenlartigue.com\/\">Rub\u00e9n Lartigue<\/a>, &#8220;Mucho Chongo\/Chicos Lartigue&#8221;. Sala 1. \/ Jos\u00e9 Otero, &#8220;Mis corbatas&#8221;. Sala 2. <a href=\"http:\/\/galeriapopa.com.ar\/\">Popa Espacio de Arte<\/a>, Lamadrid 882, La Boca. 09.07.-06.08.<\/li>\n<li>Nico Sara, &#8220;Pinturas 2.0&#8221;. <a href=\"http:\/\/www.elsidelrio.com.ar\/\">Elsi del Rio Arte Contempor\u00e1neo<\/a>, Humboldt 1510, Palermo Hollywood. Mar-Vie 14-20, S\u00e1b 11-15 hs. 14.07.-18.08.<\/li>\n<li>Emilia de las Carreras, &#8220;Petite Mort&#8221;, pinturas y dibujos. <a href=\"http:\/\/www.gachiprietogallery.com\/\">Gachi Prieto Gallery<\/a>, Uriarte 1976, Palermo. Mar-Vie 13-20, S\u00e1b 12-18 hs. 14.07.-20.08.<\/li>\n<li>Diego Santurio, &#8220;Aires vac\u00edos&#8221;, esculturas. <a href=\"http:\/\/www.bsgr.com.ar\/\">Bisagra Arte Contempor\u00e1neo<\/a>, Bonpland 1565, Palermo. Mar-Vie 15-20, S\u00e1b 11-14 hs. Desde 14.07.<\/li>\n<li>Guillermo Deisler, &#8220;Poetry Factory&#8221;. <a href=\"http:\/\/11x7galeria.com\/shows\/2011-Deisler\/show.html\">11&#215;7 Galer\u00eda de Arte<\/a>, Libertad 1628. Lun-Vie 11.30-20, S\u00e1b 11.30-14 hs. 14.07.-10.09.<\/li>\n<li><a href=\"http:\/\/www.andreswertheim.com\/\">Andr\u00e9s Wertheim<\/a>, &#8220;Tu otro yo&#8221;, fotos. <a href=\"http:\/\/www.fundacionlebensohn.org.ar\/\">Fundaci\u00f3n Lebensohn<\/a>, Gral. Hornos 238 (ex f\u00e1brica Bagley), Barracas. Lun-Vie 14-19 hs. Entrada libre y gratuita. Inauguraci\u00f3n: 26.07., 19 hs. Hasta 26.08.<\/li>\n<\/ul>\n","protected":false},"excerpt":{"rendered":"<p>Klicken Sie hier, um die deutsche Version zu lesen. Agenda de Muestras 23\/07\/11-30\/07\/11 Por Susanne Franz Este fin de semana es la \u00faltima oportunidad de visitar la muestra &#8220;Oriente Occidente&#8221; del fot\u00f3grafo paraguayo Juan Britos, en conmemoraci\u00f3n del Bicentenario de la Independencia de Paraguay. Dice Britos en el texto de presentaci\u00f3n de la obra: &#8220;\u00bfQu\u00e9 [&hellip;]<\/p>\n","protected":false},"author":1,"featured_media":0,"comment_status":"open","ping_status":"open","sticky":false,"template":"","format":"standard","meta":{"footnotes":""},"categories":[18],"tags":[],"class_list":["post-8050","post","type-post","status-publish","format-standard","hentry","category-agenda"],"_links":{"self":[{"href":"https:\/\/kunstinargentinien.com\/index.php\/wp-json\/wp\/v2\/posts\/8050","targetHints":{"allow":["GET"]}}],"collection":[{"href":"https:\/\/kunstinargentinien.com\/index.php\/wp-json\/wp\/v2\/posts"}],"about":[{"href":"https:\/\/kunstinargentinien.com\/index.php\/wp-json\/wp\/v2\/types\/post"}],"author":[{"embeddable":true,"href":"https:\/\/kunstinargentinien.com\/index.php\/wp-json\/wp\/v2\/users\/1"}],"replies":[{"embeddable":true,"href":"https:\/\/kunstinargentinien.com\/index.php\/wp-json\/wp\/v2\/comments?post=8050"}],"version-history":[{"count":10,"href":"https:\/\/kunstinargentinien.com\/index.php\/wp-json\/wp\/v2\/posts\/8050\/revisions"}],"predecessor-version":[{"id":8163,"href":"https:\/\/kunstinargentinien.com\/index.php\/wp-json\/wp\/v2\/posts\/8050\/revisions\/8163"}],"wp:attachment":[{"href":"https:\/\/kunstinargentinien.com\/index.php\/wp-json\/wp\/v2\/media?parent=8050"}],"wp:term":[{"taxonomy":"category","embeddable":true,"href":"https:\/\/kunstinargentinien.com\/index.php\/wp-json\/wp\/v2\/categories?post=8050"},{"taxonomy":"post_tag","embeddable":true,"href":"https:\/\/kunstinargentinien.com\/index.php\/wp-json\/wp\/v2\/tags?post=8050"}],"curies":[{"name":"wp","href":"https:\/\/api.w.org\/{rel}","templated":true}]}}