{"id":812,"date":"2006-12-02T18:30:15","date_gmt":"2006-12-02T21:30:15","guid":{"rendered":"http:\/\/kunstinargentinien.com\/index.php\/2006\/12\/02\/kalender-agenda-42\/"},"modified":"2006-12-11T13:08:18","modified_gmt":"2006-12-11T16:08:18","slug":"kalender-agenda-42","status":"publish","type":"post","link":"https:\/\/kunstinargentinien.com\/index.php\/2006\/12\/02\/kalender-agenda-42\/","title":{"rendered":"Kalender \/ Agenda"},"content":{"rendered":"<p><a href=\"http:\/\/kunstinargentinien.com\/index.php\/2006\/12\/02\/agenda-kalender-35\/\">Click aqu\u00ed para leer la versi\u00f3n en castellano.<\/a><\/p>\n<p><strong>Ausstellungs-Kalender 02.12.06-09.12.06<\/strong><\/p>\n<div align=center><img decoding=\"async\" id=\"image806\" alt=Deira2.jpg src=\"http:\/\/kunstinargentinien.com\/wp-content\/uploads\/2006\/11\/Deira2.jpg\" \/><br \/>\n<em>Ernesto Deira, &#8220;Allons enfants&#8221;, 1983, Acryl auf Leinwand, 150 x 150 cm.<br \/>\nEines der Werke, die man in der Retrospektive im <a href=\"http:\/\/www.mnba.org.ar\/\">MNBA<\/a> sehen kann.<\/em><\/div>\n<p><em><strong>Ausstellungszentren<\/strong><\/em><\/p>\n<ul>\n<li>MALBA (Museo de Arte Latinoamericano de Buenos Aires), Av. Figueroa Alcorta 3415 (Do-Mo und feiertags 12-20 Uhr, Di geschlossen, Mi bis 21 Uhr, Eintritt frei. An anderen Tagen: Eintritt 10 Pesos, Lehrer und \u00fcber 65-J\u00e4hrige 5 Pesos, Studenten, Kinder unter 12 Jahren und Behinderte gratis): &#8220;Fluxus in Deutschland 1962-1994: eine lange Geschichte mit vielen Knoten&#8221;. Kuratoren: Ren\u00e9 Block und Gabriele Knapstein. 17.11.-30.01.2007. \/ &#8220;Moda con identidad criolla&#8221;. Kuratorinnen: Felisa Pinto und Victoria Lescano. Er\u00f6ffnung: 7.12., 19 Uhr. Bis 15.01.07. \/ Marta Minuj\u00edn. &#8220;Los meses del a\u00f1o&#8221; (Terrasse). Er\u00f6ffnung: 7.12., 19 Uhr. Bis September 2007. \/ Sergio Avello, &#8220;Volumen&#8221; (Explanade). Er\u00f6ffnung: 7.12., 19 Uhr. Bis September 2007.<\/li>\n<p><!--more--><\/p>\n<li>Centro Cultural Recoleta, Jun\u00edn 1930 (Di-Fr 14-21, Sa, So und feiertags 10-21 Uhr, Eintritt 1 Peso): Tony Cragg, Skulpturen. Cronopios-Saal und Saal C. 31.10.-3.12. \/ Rosa Revsin, \u201eTerezin &#8211; Arte contra la muerte\u201c. Saal 10. 9.11.-3.12.<\/li>\n<li>Centro Cultural Borges, Viamonte\/San Mart\u00edn (Mo-Sa 11-21, So 12-21 Uhr; Eintritt 3 Pesos, Rentner und Studenten 1,50 Pesos; Torres Garc\u00eda: 6 Pesos, Rentner und Studenten 4 Pesos; &#8220;World Press Photo&#8221;: 8 Pesos, Rentner und Studenten 6 Pesos): Joaqu\u00edn Torres Garc\u00eda, \u201eUniversalismo Constructivo\u201c. 25.10.-11.02.07. \/ \u201eWorld Press Photo 2006\u201c. 2.11.-3.12. \/ &#8220;Perif\u00e9rica Arte de Base&#8221;. Er\u00f6ffnung: 6.12., 20 Uhr. Bis 10.12.<\/li>\n<li>Museo Nacional de Bellas Artes (MNBA), Av. del Libertador 1473 (Di-Fr 12.30-19.30, Sa und So 9.30-19.30 Uhr, Eintritt frei): \u201eObsesiones, Obras de la Colecci\u00f3n Fotogr\u00e1fica del MNBA\u201c. Werke von Adriana Lestido, David Beniluz, Pablo Tapia, Gustav Schottmann, Eduardo Gil und Sebasti\u00e1n Szyd (Argentinien), Diana Blok (Niederlande), Ralph Gibson (USA), Sandra Eleta (Panama), Chema Madoz und Rafael Navarro (Spanien), Hun Sungpil (Korea). 9.11.-10.12. \/ Luc\u00eda Pacenza, \u201eDesde el Sur\u201c, Skulpturen. Seit 15.11. \/ Ernesto Deira, Retrospektive. 29.11.-18.02.07.<\/li>\n<\/ul>\n<p><em><strong>Sonstige Ausstellungen<\/strong><\/em><\/p>\n<ul>\n<li>\u201eTerreno de Arte Experimental, Fase 2: Espacios interiores\/exteriores\u201c, Interventionen von Mireya Baglietto, Nora Correas, Guillermo Tazelaar, Ra\u00fal Fern\u00e1ndez Olivi, Paulina Webb, Jorge Caterbetti, V. Corda &#038; M.P. Doberti, Italo Chiantore und Norma Siguelboim. Kuratorin: Claudia Aranovich. In den G\u00e4rten des Centro de Museos de Buenos Aires, Av. de los Italianos 851, Costanera Sur. Di-Fr 14-18 Uhr, bei freiem Eintritt. Sa und So 10-19 Uhr, Eintritt 3 Pesos; f\u00fcr Argentinier und Ausl\u00e4nder mit Aufenthaltsgenehmigung 1 Peso. 23.9.-3.12.<\/li>\n<li>Gertrudis Chale (\u00d6sterreich), \u201eel \u201eestar\u201c en Am\u00e9rica\u201c, Gem\u00e4lde. Museo de la Universidad Nacional Tres de Febrero, Valent\u00edn G\u00f3mez 4828\/38 (gegen\u00fcber der Zugstation), Caseros, Provinz Buenos Aires. Mo-Sa 11-20 Uhr. 25.10.-Dezember.<\/li>\n<li>Bel\u00e9n Lagar, \u201eAnimahule\u201c, Objekt\/Installation. Elsi del Rio, Ar\u00e9valo 1748, Palermo Hollywood. Di-Fr 15-20, Sa 11-14 Uhr. 26.10.-2.12.<\/li>\n<li>\u201eFoto Relaci\u00f3n \/ Fotobeziehung\u201c, Foto-Installation von Celeste Palacios (Argentinien) und Phillip Dylan T. Knobloch (Deutschland). Galer\u00eda AnteSala de Quintodeva, Pasaje Agust\u00edn P\u00e9rez n\u00ba10 &#8211; ex. Mercado de Abasto, C\u00f3rdoba. Samstags und sonntags 18.30-21 Uhr. 27.10.-16.12.<\/li>\n<li>Alfredo Lazzari (Italien, 1871-1949), Gem\u00e4lde-Retrospektive. Museo &#8216;Isaac Fern\u00e1ndez Blanco&#8217;, Suipacha 1422. Di-So 14-19 Uhr. 31.10.-17.12.<\/li>\n<li>Luis Felipe No\u00e9, \u201e\u00bfQu\u00e9?\u201c. Galer\u00eda Rubbers Internacional, Av. Alvear 1595. 3.11.-2.12.<\/li>\n<li>15. Ausgabe von \u201eEsculturas en el Jard\u00edn\u201c (Skulpturen im Andalusischen Garten), 1992-2006. Kuratorin: Nelly Perrazzo. Garten des Museo Enrique Larreta, Juramento 2291. 4.11.-3.12.<\/li>\n<li>Juan Carlos Liberti, \u201e40 A\u00f1os de Surrealismo\u201c. Colecci\u00f3n Alvear de Zurbar\u00e1n, Av. Alvear 1658. Mo-Fr 10.30-21, Sa 10.30-13 Uhr. Seit 6.11.<\/li>\n<li>Gustavo Soler, \u201eLa Inocencia Roja\u201c, Gem\u00e4lde. Kahlo Arte &#038; Dise\u00f1o, Av. Alvear 1777. Mo-Fr 14-19 Uhr. Seit 6.11.<\/li>\n<li>Eduardo Longoni, \u201eViolencias. Argentina 1980-2003\u201c. FotoGaler\u00eda des San Mart\u00edn-Theaters, Av. Corrientes 1530. Mo-Fr ab 12 Uhr, Sa und So ab 14 Uhr bis Ende der Vorstellungen im Theater. Eintritt frei. 7.11.-17.12.<\/li>\n<li>\u201eBajo Influencia\u201c, Fotos und Zeichnungen von Ana Barbon, Fernando Brizuela, Anal\u00eda Canal-Feijoo, Luciano Garbati, Julia Goldenberg, B\u00e1rbara Kaplan, Mariana Mattar und Fabi\u00e1n Ramos. Kurator: Fernando Brizuela. Galer\u00eda Agalma.arte, Libertad 1389. Mo-Fr 12-20, Sa 11-13.30 Uhr. 7.11.-Dezember.<\/li>\n<li>Sara Swiecarz, Gem\u00e4lde. Victor Najmias Art Gallery International, Costa Rica 4688, Palermo Soho. Mo-Fr 15.30-19.30 Uhr. Seit 7.11.<\/li>\n<li>Cora Reutemann, \u201eMy Vision\u201c. Daniel Maman Fine Art, Av. del Libertador 2475. Seit 8.11.<\/li>\n<li>\u201eLa Mirada Discreta\u201c, Werke von Marcel Odenbach (Deutschland) und Robert Cahen (Frankreich). Kuratorin: Solange Farkas. Espacio Fundaci\u00f3n Telef\u00f3nica, Arenales 1540. Di-Sa 15-20 Uhr. 14.11.-14.1.2007.<\/li>\n<li>Patricio Larrambebere, \u201eCoghlan\u201c. Juana de Arco Casa de Arte, Costa Rica 4574. Do-Di 14-20 Uhr. 14.11.-17.12.<\/li>\n<li>\u201enudos &#038; des-nudos\u201c, Werke von Alonso, Bianchedi, Demirji\u00e1n, Mlynarzewicz, Roux. RO Galer\u00eda de Arte, Paran\u00e1 1158. Mo-Fr 11-20 Uhr. 14.11.-11.12.<\/li>\n<li>Adriana Zapisek, \u201eEntreacto\u201c, Gem\u00e4lde, Grafiken und Zeichnungen. Atica, Libertad 1240, PB \u201e9\u201c. Mo-Fr 11-13 und 15-20, Sa 11-13.30 Uhr. 14.11.-9.12.<\/li>\n<li>Mariano Vilela, \u201eNotas Marginales\u201c. Dabbah-Torrej\u00f3n, S\u00e1nchez de Bustamante 1187. Mi-Fr 15-20, Sa 12-18 Uhr. Seit 15.11.<\/li>\n<li><a href=\"http:\/\/www.estudioabierto.gov.ar\">&#8220;Estudio Abierto Centro 06&#8221;<\/a>, Kunst- und Kultur-Festival. Mehr als 170 K\u00fcnstler aus dem In- und Ausland, Musik, Perfomances, Atelier-Besuche, F\u00fchrungen, u.v.m. Palacio de Correos, Av. Corrientes 106. Mo-So 12-24 Uhr. Eintritt frei. 16.11.-3.12.<\/li>\n<li>Jorge Porcel de Peralta, &#8220;Todo lo que veo es mucho m\u00e1s de lo que veo&#8221;. \/ Lucas Rubinich, &#8220;Loquedesacomoda&#8221;, Aktion \u2013 Installation. Kurator: Diego Melero (Gabinete de Arte y Pol\u00edtica). Arcimboldo Galer\u00eda de Arte, Reconquista 761 PA 14. Mo-Fr 15-19, Sa 11-13 Uhr. 28.11.-20.12.<\/li>\n<li>&#8220;Curriculum cero &#8217;06&#8221;. \/ PROVISORIO PERMANENTE,<br \/>\n&#8220;Alguien llama&#8221; (NuevoEspacio). Ruth Benzacar, Florida 1000. 29.11.-30.12.<\/li>\n<li>&#8220;Los Coleccionables, 30 artistas en el desv\u00e1n&#8221;, kleinformatige Werke von Marcelo Martinez Cas\u00e1s, Sebasti\u00e1n Chel\u00eda, Laura Benchetrit, Ercilia Bertagnini, Fernando Aleman, Cachorro Agote, Ana Kozel, Silvia Barbero, Gabriel Karavokiris, Elena Kervorkian, Jorge Janco, Octavio Rojo, Mar\u00eda Carolina Porral, Ricardo Dallalasta, Milagros Torreblanca, Costanza Villareal, Nora Maggiore, Dani Dan, Claudia Melo, B\u00e1rbara Steimberg, Gabriel Gr\u00fcn, Diego Perrotta, Pedro Iacomuzzi, Gabriel Sainz, A\u00edda Kolodny, Germ\u00e1n Wendel, Eduardo Iglesias Brickles, Mar\u00eda Laura Pini, Alicia Carletti, Jorge Alvaro, Eduardo Pl\u00e1, Claudia Fernandez, Febe Defelipe, Silvina Lobo und Carlos Scaramella. Galer\u00eda Holz, Arroyo 862; 4394-0779. 30.11.-7.12. \u00d6ffnungszeiten w\u00e4hrend dieser Woche: 10-22 Uhr.<\/li>\n<li>Lena Szankay, Fotos. Asociaci\u00f3n Cultural Pestalozzi, Freire 1882, Belgrano R. Seit 1.12.<\/li>\n<li>Liniers und Larivi\u00e9re bei Wussmann, Venezuela 570. Er\u00f6ffnung: 6.12., 19 Uhr.<\/li>\n<li>&#8220;Perif\u00e9rica Arte de Base&#8221;. Centro Cultural Borges, Viamonte\/San Mart\u00edn. Mo-Fr 10-21, So 12-21 Uhr. 6.12.-10.12. Er\u00f6ffnung: 6.12., 20 Uhr. Infos: 5555-5359.<\/li>\n<\/ul>\n","protected":false},"excerpt":{"rendered":"<p>Click aqu\u00ed para leer la versi\u00f3n en castellano. Ausstellungs-Kalender 02.12.06-09.12.06 Ernesto Deira, &#8220;Allons enfants&#8221;, 1983, Acryl auf Leinwand, 150 x 150 cm. Eines der Werke, die man in der Retrospektive im MNBA sehen kann. Ausstellungszentren MALBA (Museo de Arte Latinoamericano de Buenos Aires), Av. Figueroa Alcorta 3415 (Do-Mo und feiertags 12-20 Uhr, Di geschlossen, Mi [&hellip;]<\/p>\n","protected":false},"author":1,"featured_media":0,"comment_status":"open","ping_status":"open","sticky":false,"template":"","format":"standard","meta":{"footnotes":""},"categories":[3],"tags":[],"class_list":["post-812","post","type-post","status-publish","format-standard","hentry","category-kalender-agenda"],"_links":{"self":[{"href":"https:\/\/kunstinargentinien.com\/index.php\/wp-json\/wp\/v2\/posts\/812","targetHints":{"allow":["GET"]}}],"collection":[{"href":"https:\/\/kunstinargentinien.com\/index.php\/wp-json\/wp\/v2\/posts"}],"about":[{"href":"https:\/\/kunstinargentinien.com\/index.php\/wp-json\/wp\/v2\/types\/post"}],"author":[{"embeddable":true,"href":"https:\/\/kunstinargentinien.com\/index.php\/wp-json\/wp\/v2\/users\/1"}],"replies":[{"embeddable":true,"href":"https:\/\/kunstinargentinien.com\/index.php\/wp-json\/wp\/v2\/comments?post=812"}],"version-history":[{"count":0,"href":"https:\/\/kunstinargentinien.com\/index.php\/wp-json\/wp\/v2\/posts\/812\/revisions"}],"wp:attachment":[{"href":"https:\/\/kunstinargentinien.com\/index.php\/wp-json\/wp\/v2\/media?parent=812"}],"wp:term":[{"taxonomy":"category","embeddable":true,"href":"https:\/\/kunstinargentinien.com\/index.php\/wp-json\/wp\/v2\/categories?post=812"},{"taxonomy":"post_tag","embeddable":true,"href":"https:\/\/kunstinargentinien.com\/index.php\/wp-json\/wp\/v2\/tags?post=812"}],"curies":[{"name":"wp","href":"https:\/\/api.w.org\/{rel}","templated":true}]}}