{"id":822,"date":"2006-12-16T11:08:37","date_gmt":"2006-12-16T14:08:37","guid":{"rendered":"http:\/\/kunstinargentinien.com\/index.php\/2006\/12\/16\/kalender-agenda-44\/"},"modified":"2006-12-18T11:17:14","modified_gmt":"2006-12-18T14:17:14","slug":"kalender-agenda-44","status":"publish","type":"post","link":"https:\/\/kunstinargentinien.com\/index.php\/2006\/12\/16\/kalender-agenda-44\/","title":{"rendered":"Kalender \/ Agenda"},"content":{"rendered":"<p><a href=\"http:\/\/kunstinargentinien.com\/index.php\/2006\/12\/16\/agenda-kalender-37\/\">Click aqu\u00ed para leer la versi\u00f3n en castellano.<\/a><\/p>\n<p><strong>Ausstellungs-Kalender 16.12.06-23.12.06<\/strong><\/p>\n<div align=center><img decoding=\"async\" id=\"image818\" src=\"http:\/\/kunstinargentinien.com\/wp-content\/uploads\/2006\/12\/Atomo.jpg\" alt=\"Atomo.jpg\" \/><br \/>\n<em>\u201eAurora de hombres y aut\u00f3matas&#8221;, gro\u00dfformatige Vitreaux-Collagen<br \/>\nder K\u00fcnstlerin Nelia Licenziato im Centro Cultural Borges.<\/em><\/div>\n<ul>\n<li>MALBA (Museo de Arte Latinoamericano de Buenos Aires), Av. Figueroa Alcorta 3415 (Do-Mo und feiertags 12-20 Uhr, Di geschlossen, Mi bis 21 Uhr, Eintritt frei. An anderen Tagen: Eintritt 10 Pesos, Lehrer und \u00fcber 65-J\u00e4hrige 5 Pesos, Studenten, Kinder unter 12 Jahren und Behinderte gratis): &#8220;Fluxus in Deutschland 1962-1994: eine lange Geschichte mit vielen Knoten&#8221;. Kuratoren: Ren\u00e9 Block und Gabriele Knapstein. 17.11.-30.01.2007. \/ &#8220;Moda con identidad criolla&#8221;. Kuratorinnen: Felisa Pinto und Victoria Lescano. 7.12.-15.01.07. \/ Marta Minuj\u00edn. &#8220;Los meses del a\u00f1o&#8221; (Terrasse). 7.12.-September 2007. \/ Sergio Avello, &#8220;Volumen&#8221; (Explanade). 7.12.-September 2007.<\/li>\n<p><!--more--><\/p>\n<li>Centro Cultural Recoleta, Jun\u00edn 1930 (Di-Fr 14-21, Sa, So und feiertags 10-21 Uhr, Eintritt 1 Peso): &#8220;Literaturas del Exilio&#8221;. S\u00e4le 4, 5, 6, 7, 8 und 9. Seit 14.12.<\/li>\n<li>Centro Cultural Borges, Viamonte\/San Mart\u00edn (Mo-Sa 11-21, So 12-21 Uhr; Eintritt 3 Pesos, Rentner und Studenten 1,50 Pesos; Torres Garc\u00eda: 6 Pesos, Rentner und Studenten 4 Pesos): Joaqu\u00edn Torres Garc\u00eda, \u201eUniversalismo Constructivo\u201c. 25.10.-11.02.07. \/ Mino Maccari (Italien, 1898-1989), \u201eS\u00e1tira y ternura\u201c, Seit 7.12. \/ Nelia Licenziato, \u201eAurora de hombres y aut\u00f3matas\u201c, Vitreaux-Collagen. 11.12.-07.01.2007.<\/li>\n<li>Museo Nacional de Bellas Artes (MNBA), Av. del Libertador 1473 (Di-Fr 12.30-19.30, Sa und So 9.30-19.30 Uhr, Eintritt frei): Luc\u00eda Pacenza, \u201eDesde el Sur\u201c, Skulpturen. Seit 15.11. \/ Ernesto Deira, Retrospektive. 29.11.-18.02.07.<\/li>\n<\/ul>\n<p><em><strong>Sonstige Ausstellungen<\/strong><\/em><\/p>\n<ul>\n<li>Gertrudis Chale (\u00d6sterreich), \u201eel \u201eestar\u201c en Am\u00e9rica\u201c, Gem\u00e4lde. Museo de la Universidad Nacional Tres de Febrero, Valent\u00edn G\u00f3mez 4828\/38 (gegen\u00fcber der Zugstation), Caseros, Provinz Buenos Aires. Mo-Sa 11-20 Uhr. 25.10.-Ende Dezember.<\/li>\n<li>\u201eFoto Relaci\u00f3n \/ Fotobeziehung\u201c, Foto-Installation von Celeste Palacios (Argentinien) und Phillip Dylan T. Knobloch (Deutschland). Galer\u00eda AnteSala de Quintodeva, Pasaje Agust\u00edn P\u00e9rez n\u00ba10 &#8211; ex. Mercado de Abasto, C\u00f3rdoba. Samstags und sonntags 18.30-21 Uhr. 27.10.-16.12.<\/li>\n<li>Alfredo Lazzari (Italien, 1871-1949), Gem\u00e4lde-Retrospektive. Museo &#8216;Isaac Fern\u00e1ndez Blanco&#8217;, Suipacha 1422. Di-So 14-19 Uhr. 31.10.-17.12.<\/li>\n<li>Eduardo Longoni, \u201eViolencias. Argentina 1980-2003\u201c. FotoGaler\u00eda des San Mart\u00edn-Theaters, Av. Corrientes 1530. Mo-Fr ab 12 Uhr, Sa und So ab 14 Uhr bis Ende der Vorstellungen im Theater. Eintritt frei. 7.11.-17.12.<\/li>\n<li>\u201eLa Mirada Discreta\u201c, Werke von Marcel Odenbach (Deutschland) und Robert Cahen (Frankreich). Kuratorin: Solange Farkas. Espacio Fundaci\u00f3n Telef\u00f3nica, Arenales 1540. Di-Sa 15-20 Uhr. 14.11.-14.1.2007.<\/li>\n<li>Patricio Larrambebere, \u201eCoghlan\u201c. Juana de Arco Casa de Arte, Costa Rica 4574. Do-Di 14-20 Uhr. 14.11.-17.12.<\/li>\n<li>Mariano Vilela, \u201eNotas Marginales\u201c. Dabbah-Torrej\u00f3n, S\u00e1nchez de Bustamante 1187. Mi-Fr 15-20, Sa 12-18 Uhr. Seit 15.11.<\/li>\n<li>Jorge Porcel de Peralta, \u201eTodo lo que veo es mucho m\u00e1s de lo que veo\u201c. \/ Lucas Rubinich, \u201eLoquedesacomoda\u201c, Aktion \u2013 Installation. Kurator: Diego Melero (Gabinete de Arte y Pol\u00edtica). Arcimboldo Galer\u00eda de Arte, Reconquista 761 PA 14. Mo-Fr 15-19, Sa 11-13 Uhr. 28.11.-20.12.<\/li>\n<li>\u201eCurriculum cero &#8217;06\u201c. \/ PROVISORIO PERMANENTE, \u201eAlguien llama\u201c (NuevoEspacio). Ruth Benzacar, Florida 1000. 29.11.-30.12.<\/li>\n<li>Andr\u00e9s Bancalari, \u201eCastelli no tiene agua\u201c, Intervention. Ausstellung Nr. 37 im Zyklus ENFOQUE. Kurator: Diego Perrotta. FM La Tribu, Lambar\u00e9 873. Er\u00f6ffnung: 22.12., 19 Uhr. Bis 31.01.07. (Die Fassade des Radiosenders schm\u00fcckt seit November ein neues Wandgem\u00e4lde, das Diego Perrotta in Zusammenarbeit mit Magdalena Lutteral und Ignacio Sourrouille geschaffen hat.)<\/li>\n<\/ul>\n","protected":false},"excerpt":{"rendered":"<p>Click aqu\u00ed para leer la versi\u00f3n en castellano. Ausstellungs-Kalender 16.12.06-23.12.06 \u201eAurora de hombres y aut\u00f3matas&#8221;, gro\u00dfformatige Vitreaux-Collagen der K\u00fcnstlerin Nelia Licenziato im Centro Cultural Borges. MALBA (Museo de Arte Latinoamericano de Buenos Aires), Av. Figueroa Alcorta 3415 (Do-Mo und feiertags 12-20 Uhr, Di geschlossen, Mi bis 21 Uhr, Eintritt frei. An anderen Tagen: Eintritt 10 [&hellip;]<\/p>\n","protected":false},"author":1,"featured_media":0,"comment_status":"open","ping_status":"open","sticky":false,"template":"","format":"standard","meta":{"footnotes":""},"categories":[3],"tags":[],"class_list":["post-822","post","type-post","status-publish","format-standard","hentry","category-kalender-agenda"],"_links":{"self":[{"href":"https:\/\/kunstinargentinien.com\/index.php\/wp-json\/wp\/v2\/posts\/822","targetHints":{"allow":["GET"]}}],"collection":[{"href":"https:\/\/kunstinargentinien.com\/index.php\/wp-json\/wp\/v2\/posts"}],"about":[{"href":"https:\/\/kunstinargentinien.com\/index.php\/wp-json\/wp\/v2\/types\/post"}],"author":[{"embeddable":true,"href":"https:\/\/kunstinargentinien.com\/index.php\/wp-json\/wp\/v2\/users\/1"}],"replies":[{"embeddable":true,"href":"https:\/\/kunstinargentinien.com\/index.php\/wp-json\/wp\/v2\/comments?post=822"}],"version-history":[{"count":0,"href":"https:\/\/kunstinargentinien.com\/index.php\/wp-json\/wp\/v2\/posts\/822\/revisions"}],"wp:attachment":[{"href":"https:\/\/kunstinargentinien.com\/index.php\/wp-json\/wp\/v2\/media?parent=822"}],"wp:term":[{"taxonomy":"category","embeddable":true,"href":"https:\/\/kunstinargentinien.com\/index.php\/wp-json\/wp\/v2\/categories?post=822"},{"taxonomy":"post_tag","embeddable":true,"href":"https:\/\/kunstinargentinien.com\/index.php\/wp-json\/wp\/v2\/tags?post=822"}],"curies":[{"name":"wp","href":"https:\/\/api.w.org\/{rel}","templated":true}]}}