{"id":836,"date":"2006-12-29T14:54:45","date_gmt":"2006-12-29T17:54:45","guid":{"rendered":"http:\/\/kunstinargentinien.com\/index.php\/2006\/12\/29\/agenda-kalender-39\/"},"modified":"2007-01-04T15:01:32","modified_gmt":"2007-01-04T18:01:32","slug":"agenda-kalender-39","status":"publish","type":"post","link":"https:\/\/kunstinargentinien.com\/index.php\/2006\/12\/29\/agenda-kalender-39\/","title":{"rendered":"Agenda \/ Kalender"},"content":{"rendered":"<p><a href=\"http:\/\/kunstinargentinien.com\/index.php\/2006\/12\/29\/kalender-agenda-46\/\">Klicken Sie hier, um die deutsche Version zu lesen.<\/a><\/p>\n<p><strong>Agenda de Muestras 30\/12\/06-06\/01\/07<\/strong><\/p>\n<div align=center><img decoding=\"async\" id=\"image837\" alt=Teako02.jpg src=\"http:\/\/kunstinargentinien.com\/wp-content\/uploads\/2006\/12\/Teako02.jpg\" \/><br \/>\n<em>La muestra de pinturas de Gertrudis Chale (Austria) en el<br \/>\nMUNTREF se extiende hasta el 23 de marzo de 2007.<\/em><\/div>\n<p><em><strong>Centros de exposiciones<\/strong><\/em><\/p>\n<ul>\n<li>MALBA (Museo de Arte Latinoamericano de Buenos Aires), Av. Figueroa Alcorta 3415 (Jue-Lun y feriados 12-20 hs, martes cerrado, Mi\u00e9rcoles hasta 21 hs, entrada libre. Los otros d\u00edas: entrada 10 pesos, docentes y mayores de 65 a\u00f1os 5 pesos, estudiantes, menores de 12 a\u00f1os y discapacitados gratis): &#8220;Una larga historia con muchos nudos. Fluxus en Alemania 1962-1994&#8221;. Curadores: Ren\u00e9 Block y Gabriele Knapstein. 17.11.-30.01.2007. \/ &#8220;Moda con identidad criolla&#8221;. Curadoras: Felisa Pinto y Victoria Lescano. 8.12.-15.01.07. \/ Marta Minuj\u00edn. &#8220;Los meses del a\u00f1o&#8221; (Terraza). 8.12.-septiembre de 2007. \/ Sergio Avello, &#8220;Volumen&#8221; (Explanada). 8.12.-septiembre de 2007.<\/li>\n<p><!--more--><\/p>\n<li>Centro Cultural Recoleta, Jun\u00edn 1930 (Mar-Vie 14-21, Sab, Dom y feriados 10-21 hs, entrada 1 peso): &#8220;Literaturas del Exilio&#8221;. Salas 4, 5, 6, 7, 8 y 9. Desde 14 de diciembre.<\/li>\n<li>Centro Cultural Borges, Viamonte\/San Mart\u00edn (Lun-Sab 11-21, Dom 12-21 hs. Entrada 3 pesos, jubilados y estudiantes 1,50 pesos; Torres Garc\u00eda: 6 pesos, jubilados y estudiantes 4 pesos): Joaqu\u00edn Torres Garc\u00eda, &#8220;Universalismo Constructivo&#8221;. 25.10.-11.02.07. \/ Mino Maccari (Italia, 1898-1989), &#8220;S\u00e1tira y ternura&#8221;, Desde 7 de diciembre. \/ Nelia Licenziato, &#8220;Aurora de hombres y aut\u00f3matas&#8221;, collages vitreos. 11.12.-7.01.07.<\/li>\n<li>Museo Nacional de Bellas Artes (MNBA), Av. del Libertador 1473 (Mar-Vie 12.30-19.30, Sab y Dom 9.30-19.30 hs, entrada libre): Luc\u00eda Pacenza, &#8220;Desde el Sur&#8221;, esculturas. Desde 15.11. \/ Ernesto Deira, retrospectiva a 20 a\u00f1os de su muerte. 29.11.-18.02.07.<\/li>\n<li>Fundaci\u00f3n Proa, Av. Pedro de Mendoza 1929, www.proa.org (Martes a domingos de 11 a 19 hs. Lunes cerrado. Entrada general $ 3, estudiantes $ 2, jubilados $ 1): &#8220;Buenos Aires 2\u00ba parte: La Ciudad y el Barrio: La Boca&#8221;, fotograf\u00edas hist\u00f3ricas y contempor\u00e1neas, documentaci\u00f3n sobre la calle Caminito y grabados. Hasta el 31 de enero de 2007.<\/li>\n<\/ul>\n<p><em><strong>Otras exposiciones<\/strong><\/em><\/p>\n<ul>\n<li>Gertrudis Chale (Austria), &#8220;el &#8220;estar&#8221; en Am\u00e9rica&#8221;, pinturas. Museo de la Universidad Nacional Tres de Febrero, Valent\u00edn G\u00f3mez 4828\/38 (frente a la estaci\u00f3n), Caseros, Pcia. de Buenos Aires. Lun-Sab 11-20 hs. 25.10.-23.03.07.<\/li>\n<li>&#8220;La Mirada Discreta&#8221;, obras de Marcel Odenbach (Alemania) y Robert Cahen (Francia). Curadora: Solange Farkas. Espacio Fundaci\u00f3n Telef\u00f3nica, Arenales 1540. Mar-Sab 15-20 hs. 14.11.-14.01.2007.<\/li>\n<li>&#8220;Curriculum cero &#8217;06&#8221;. Exposici\u00f3n de trabajos seleccionados. \/ PROVISORIO PERMANENTE, &#8220;Alguien llama&#8221; (NuevoEspacio). Ruth Benzacar, Florida 1000. 29 de noviembre al 6 de enero de 2007.<\/li>\n<li>Andr\u00e9s Bancalari, &#8220;Castelli no tiene agua&#8221;, intervenci\u00f3n visual. Muestra N\u00ba 37 en el ciclo ENFOQUE. Curador: Diego Perrotta. FM La Tribu, Lambar\u00e9 873. 22.12.-31.01.07. (En la fachada de la radio, se puede ver el mural que realiz\u00f3 Diego Perrotta en el mes de noviembre con la colaboraci\u00f3n de Magdalena Lutteral e Ignacio Sourrouille).<\/li>\n<\/ul>\n","protected":false},"excerpt":{"rendered":"<p>Klicken Sie hier, um die deutsche Version zu lesen. Agenda de Muestras 30\/12\/06-06\/01\/07 La muestra de pinturas de Gertrudis Chale (Austria) en el MUNTREF se extiende hasta el 23 de marzo de 2007. Centros de exposiciones MALBA (Museo de Arte Latinoamericano de Buenos Aires), Av. Figueroa Alcorta 3415 (Jue-Lun y feriados 12-20 hs, martes cerrado, [&hellip;]<\/p>\n","protected":false},"author":1,"featured_media":0,"comment_status":"open","ping_status":"open","sticky":false,"template":"","format":"standard","meta":{"footnotes":""},"categories":[3],"tags":[],"class_list":["post-836","post","type-post","status-publish","format-standard","hentry","category-kalender-agenda"],"_links":{"self":[{"href":"https:\/\/kunstinargentinien.com\/index.php\/wp-json\/wp\/v2\/posts\/836","targetHints":{"allow":["GET"]}}],"collection":[{"href":"https:\/\/kunstinargentinien.com\/index.php\/wp-json\/wp\/v2\/posts"}],"about":[{"href":"https:\/\/kunstinargentinien.com\/index.php\/wp-json\/wp\/v2\/types\/post"}],"author":[{"embeddable":true,"href":"https:\/\/kunstinargentinien.com\/index.php\/wp-json\/wp\/v2\/users\/1"}],"replies":[{"embeddable":true,"href":"https:\/\/kunstinargentinien.com\/index.php\/wp-json\/wp\/v2\/comments?post=836"}],"version-history":[{"count":0,"href":"https:\/\/kunstinargentinien.com\/index.php\/wp-json\/wp\/v2\/posts\/836\/revisions"}],"wp:attachment":[{"href":"https:\/\/kunstinargentinien.com\/index.php\/wp-json\/wp\/v2\/media?parent=836"}],"wp:term":[{"taxonomy":"category","embeddable":true,"href":"https:\/\/kunstinargentinien.com\/index.php\/wp-json\/wp\/v2\/categories?post=836"},{"taxonomy":"post_tag","embeddable":true,"href":"https:\/\/kunstinargentinien.com\/index.php\/wp-json\/wp\/v2\/tags?post=836"}],"curies":[{"name":"wp","href":"https:\/\/api.w.org\/{rel}","templated":true}]}}