{"id":840,"date":"2007-01-02T17:36:54","date_gmt":"2007-01-02T20:36:54","guid":{"rendered":"http:\/\/kunstinargentinien.com\/index.php\/2007\/01\/02\/vierdimensionale-gewalt\/"},"modified":"2007-01-02T17:43:35","modified_gmt":"2007-01-02T20:43:35","slug":"vierdimensionale-gewalt","status":"publish","type":"post","link":"https:\/\/kunstinargentinien.com\/index.php\/2007\/01\/02\/vierdimensionale-gewalt\/","title":{"rendered":"Vierdimensionale Gewalt"},"content":{"rendered":"<p><strong>Die Installation &#8220;Alguien llama&#8221; von &#8220;Provisorio Permanente&#8221; in der Galerie Ruth Benzacar<\/p>\n<p><em>Von Susanne Franz<\/em><\/strong><\/p>\n<div align=center><img decoding=\"async\" id=\"image839\" alt=Nadie.jpg src=\"http:\/\/kunstinargentinien.com\/wp-content\/uploads\/2007\/01\/Nadie.jpg\" \/><\/div>\n<p>Wenn die Gewalt ins h\u00e4usliche Idyll einbricht, wird etwas f\u00fcr immer zerst\u00f6rt. An den Zustand des Friedens, der vorher herrschte, kann sich derjenige, dem die Gewalt widerf\u00e4hrt &#8211; ob er sie nun am eigenen Leib erlebt oder sie einem Familienmitglied angetan wird &#8211; gar nicht mehr zur\u00fcckerinnern. Es wird nie mehr, wie es vorher war. Ja, es scheint, als ob dieses Vorher eine zynische Dimension annimmt und dem Opfer ins Gesicht lacht.<\/p>\n<p>Mit ihrer Installation &#8220;Alguien llama&#8221; hat die K\u00fcnstlergruppe &#8220;Provisorio Permanente&#8221; diesen Moment eingefangen und &#8220;festgefroren&#8221;. Ein zerst\u00f6rtes Haus, eine Frauenleiche, deren Beine nach drau\u00dfen zeigen und deren brennender Kopf im Inneren liegt. Ein Mann, der sie fassungslos ansieht. Auf dem Dach des Hauses und um es herum sitzen und rennen Affen mit Totensch\u00e4delfratzen herum, anscheinend die Verursacher des Mordanschlags.<\/p>\n<p>Die Dimensionen des Holzhauses und der Gestalten, die es bev\u00f6lkern, sind nicht ganz menschengro\u00df, man betrachtet von allen Seiten diese gro\u00dfe, grauenerregende Puppenstube, kann durch die kaputte T\u00fcr sehen, durch die Fenster, fast voller Angst, dass dieser eingefrorene Moment sich jeden Moment aufl\u00f6sen k\u00f6nnte und das Grauen weitergehen.<\/p>\n<p>Um noch mehr zynische Distanz zu schaffen, haben &#8220;Provisorio Permanente&#8221; dieselbe Szene in immer kleiner werdendem Ma\u00dfstab viermal wiederholt und auf einem Podest aufgestellt. Aber wie weit kann man sich entfernen?<\/p>\n<p>Die Ausstellung ist nur noch in der ersten Januarwoche im &#8220;NuevoEspacio&#8221; der Galerie Ruth Benzacar, Florida 1000, zu sehen.<\/p>\n","protected":false},"excerpt":{"rendered":"<p>Die Installation &#8220;Alguien llama&#8221; von &#8220;Provisorio Permanente&#8221; in der Galerie Ruth Benzacar Von Susanne Franz Wenn die Gewalt ins h\u00e4usliche Idyll einbricht, wird etwas f\u00fcr immer zerst\u00f6rt. An den Zustand des Friedens, der vorher herrschte, kann sich derjenige, dem die Gewalt widerf\u00e4hrt &#8211; ob er sie nun am eigenen Leib erlebt oder sie einem Familienmitglied [&hellip;]<\/p>\n","protected":false},"author":1,"featured_media":0,"comment_status":"open","ping_status":"open","sticky":false,"template":"","format":"standard","meta":{"footnotes":""},"categories":[4],"tags":[],"class_list":["post-840","post","type-post","status-publish","format-standard","hentry","category-tipp-der-woche-recomendacion-de-la-semana"],"_links":{"self":[{"href":"https:\/\/kunstinargentinien.com\/index.php\/wp-json\/wp\/v2\/posts\/840","targetHints":{"allow":["GET"]}}],"collection":[{"href":"https:\/\/kunstinargentinien.com\/index.php\/wp-json\/wp\/v2\/posts"}],"about":[{"href":"https:\/\/kunstinargentinien.com\/index.php\/wp-json\/wp\/v2\/types\/post"}],"author":[{"embeddable":true,"href":"https:\/\/kunstinargentinien.com\/index.php\/wp-json\/wp\/v2\/users\/1"}],"replies":[{"embeddable":true,"href":"https:\/\/kunstinargentinien.com\/index.php\/wp-json\/wp\/v2\/comments?post=840"}],"version-history":[{"count":0,"href":"https:\/\/kunstinargentinien.com\/index.php\/wp-json\/wp\/v2\/posts\/840\/revisions"}],"wp:attachment":[{"href":"https:\/\/kunstinargentinien.com\/index.php\/wp-json\/wp\/v2\/media?parent=840"}],"wp:term":[{"taxonomy":"category","embeddable":true,"href":"https:\/\/kunstinargentinien.com\/index.php\/wp-json\/wp\/v2\/categories?post=840"},{"taxonomy":"post_tag","embeddable":true,"href":"https:\/\/kunstinargentinien.com\/index.php\/wp-json\/wp\/v2\/tags?post=840"}],"curies":[{"name":"wp","href":"https:\/\/api.w.org\/{rel}","templated":true}]}}