{"id":8429,"date":"2011-08-13T00:33:03","date_gmt":"2011-08-13T03:33:03","guid":{"rendered":"http:\/\/kunstinargentinien.com\/?p=8429"},"modified":"2011-08-18T11:32:15","modified_gmt":"2011-08-18T14:32:15","slug":"agenda-5","status":"publish","type":"post","link":"https:\/\/kunstinargentinien.com\/index.php\/2011\/08\/13\/agenda-5\/","title":{"rendered":"Agenda \/ Kalender"},"content":{"rendered":"<p><a href=\"http:\/\/kunstinargentinien.com\/index.php\/2011\/08\/13\/kalender-agenda-283\/\">Klicken Sie hier, um die deutsche Version zu lesen.<\/a><\/p>\n<p><strong>Agenda de Muestras 13\/08\/11-20\/08\/11<\/p>\n<p><em>Por Susanne Franz<\/em><\/strong><\/p>\n<p><a href=\"http:\/\/kunstinargentinien.com\/wp-content\/uploads\/2011\/08\/festival.jpg\"><img loading=\"lazy\" decoding=\"async\" src=\"http:\/\/kunstinargentinien.com\/wp-content\/uploads\/2011\/08\/festival.jpg\" alt=\"\" title=\"festival\" width=\"250\" height=\"63\" class=\"alignleft size-full wp-image-8434\" \/><\/a>El martes 16 arranca en el Centro de Exposiciones, &#8220;Tango Buenos Aires Festival y Mundial 2011&#8221; con una programaci\u00f3n de lujo. Amelita Baltar y Horacio Molina a las 19 hs y gran milonga de apertura con Maria Nieves y Los Reyes del Tango a las 20 hs. Se puede consultar toda la programaci\u00f3n en detalle en la <a href=\"http:\/\/www.festivales.gob.ar\/index.phtml\">p\u00e1gina web del Festival<\/a>.<\/p>\n<p>La entrada es libre y gratuita en el Centro de Exposiciones (Av. Figueroa Alcorta y Av. Pueyrred\u00f3n), por orden de llegada y de acuerdo a la capacidad de cada sala. Las entradas para las actividades en el Teatro 25 de Mayo se deben retirar el d\u00eda del espect\u00e1culo en boleter\u00eda, de 11 a 18 hs, a raz\u00f3n de 2 por persona como m\u00e1ximo. Y las entradas para las semifinales y finales del Mundial de Baile, se entregar\u00e1n \u20132 para semifinales, 2 para finales como m\u00e1ximo, debiendo elegirse entre Tango Sal\u00f3n y Tango Escenario \u2013el lunes 22 de agosto en la Casa de la Cultura (Av. De Mayo 575), de 11 a 19 hs, tal como ocurri\u00f3 en ediciones anteriores.<\/p>\n<p>Las muestras de la semana:<!--more--><\/p>\n<p><strong><em>Centros de exposiciones<\/em><\/strong><\/p>\n<ul>\n<li><a href=\"http:\/\/www.malba.org.ar\/web\/\">Malba<\/a> (Museo de Arte Latinoamericano de Buenos Aires), Av. Figueroa Alcorta 3415 (Jue-Lun y feriados 12-20 hs, Mi\u00e9 hasta 21 hs, Mar cerrado. Entrada 22 pesos, docentes, jubilados y estudiantes 11 pesos, menores de 5 a\u00f1os sin cargo. Mi\u00e9: Entrada 10 pesos, docentes y jubilados 5 pesos, estudiantes sin cargo): &#8220;Arte argentino actual en la Colecci\u00f3n de Malba &#8211; Obras 1989-2010&#8221;. Sala 5 (2\u00ba piso). 09.06.-29.08. \/ Ricardo Garabito, dibujos y pinturas. Sala 3 (1\u00ba piso). 12.07.-29.08. \/ &#8220;Contempor\u00e1neo 28: Guillermo Giambiagi, &#8220;Naturaleza Quieta&#8221;. Sala 1 (Planta Baja). Curadora invitada: Cristina Schiavi. 12.07.-22.08.<\/li>\n<li><a href=\"http:\/\/centroculturalrecoleta.org\/ccr-sp\/\">Centro Cultural Recoleta<\/a>, Jun\u00edn 1930 (Lun-Vie 14-21, S\u00e1b, Dom y feriados 10-21 hs. Entrada libre): Mar\u00eda Luz Gil, &#8220;Arte, Vida y Geometr\u00eda&#8221;, fotos y pinturas. Sala &#8220;J&#8221;. 29.07.-21.08. \/ &#8220;Jairo pintor&#8221;. Curadora: Luc\u00eda Gonz\u00e1lez Sainz de los Terreros. Sala 7. Inauguraci\u00f3n: 10.08., 19 hs. Hasta 11.09. \/ &#8220;Gente de mi Ciudad&#8221;, Edici\u00f3n XII. Concurso fotogr\u00e1fico organizado por Banco Ciudad. Sala 12. 11.08.-11.09. \/ Miguel \u00c1ngel Giovanetti y Luis Espinosa, &#8220;Fragmentar el Universo&#8221;, pinturas. Sala 8. 12.08.-11.09. \/ &#8220;Dar una mano&#8221;, a beneficio de la Fundaci\u00f3n Juanito. Manos intervenidas por Bordese, Lockett, Perrotta, Pereda, Ronsino, Sarsale, Thornton, Waissman y Wells entre otros. Curadora: Maria Carolina Baulo. Salas 1 y 2. 12.08.-11.09. \/ Cecilia Duhau, &#8220;La Pintura despu\u00e9s de la pintura&#8221;, obras digitales. Curador: Renato Rita. Sala Prometeus. 12.08.-11.09. \/ Richard Kaplenig (Austria), &#8220;Re-Conversi\u00f3n&#8221;. Sala 10. 12.08.-11.09. \/ Alfredo Benav\u00eddez Bedoya, grabados. Muestra organizada por &#8220;Empat\u00eda&#8221;. Sala 6. Inauguraci\u00f3n: 19.08., 19 hs. \/ Graciela Taquini, &#8220;Grata con otros&#8221;, trabajos audiovisuales. Curador: Rodrigo Alonso. Sala Cronopios. Inauguraci\u00f3n: 19.08., 19 hs. Hasta 11.09.<\/li>\n<li>Centro Cultural Borges, Viamonte\/San Mart\u00edn (Lun-S\u00e1b 10-21, Dom y feriados 12-21 hs): &#8220;L\u00edbero Badii, artista m\u00faltiple&#8221;, obra gr\u00e1fica. 16.06.-04.09. Visitas guiadas: Vie, S\u00e1b y Dom, 17.30 hs. \/ Eva Petric (Eslovenia), &#8220;Angel dissected&#8221;, instalaci\u00f3n fotogr\u00e1fica. Sala 11. Desde 04.08. \/ Jos\u00e9 Cukier, &#8220;Y la vida va&#8221; (Apuntes para una muestra retrospectiva), pinturas. 11.08.-04.09.<\/li>\n<li><a href=\"http:\/\/www.museodeartemoderno.buenosaires.gob.ar\/mam2.htm\">Museo de Arte Moderno de Buenos Aires<\/a> (MAMba), Av. San Juan 350 (Lun-Vie 12-19, S\u00e1b, Dom y feriados 11-20 hs. Entrada $1. Mar gratis): Antonio Segu\u00ed, &#8220;Grabados 1996-2010&#8221;. Sala PB. Desde 28.07. \/ &#8220;Site Specific Dibujo&#8221;, obras de Mariano Ferrante, Juli\u00e1n Ter\u00e1n e Ignacio Valdez. Idea y proyecto: Santiago Bengolea. Espacios comunes PB y 1\u00ba piso. Desde 28.07. \/ &#8220;El Grito&#8221;, instalaci\u00f3n\/&#8221;work in progress&#8221; interactiva de Narcisa Hirsch y Jorge Caterbetti. 11.08.-Diciembre.<\/li>\n<li>Museo Eduardo S\u00edvori, Av. Infanta Isabel 555, frente al puente del Rosedal de Palermo (Mar-Vie 12-20, S\u00e1b, Dom y feriados 10-20 hs. Entrada: $1. Mi\u00e9 y S\u00e1b gratis): Franco Lippi, pinturas. 30.07.-21.08. \/ Carlos G\u00f3mez Centuri\u00f3n, &#8220;Cordilleras&#8221;, pinturas. Inauguraci\u00f3n: 13.08., 12 hs. Hasta 11.09. \/ &#8220;Premio Est\u00edmulo de Fotograf\u00eda &#8216;Francisco Ayerza'&#8221;, organizado por la Academia Nacional de Bellas Artes. Inauguraci\u00f3n: 13.08., 12 hs. Hasta 11.09.<\/li>\n<li><a href=\"http:\/\/www.museodelcine.buenosaires.gob.ar\/cine_actividades.htm#eventos\">Museo del Cine Pablo Ducr\u00f3s Hicken<\/a>, Agust\u00edn R. Caffarena 49, La Boca (Lun, Mi\u00e9, Jue y Vie 11-18, S\u00e1b, Dom y feriados 10-19 hs. Mar cerrado. Entrada $1, Mi\u00e9 gratis): &#8220;Museo del Cine: 40 a\u00f1os&#8221;. Desde 01.08.<\/li>\n<li>FotoGaler\u00eda del <a href=\"http:\/\/www.complejoteatral.gob.ar\/\">Teatro San Mart\u00edn<\/a>, Av. Corrientes 1530 (Lun-Vie desde las 12, S\u00e1b y Dom desde las 14 hs, hasta la finalizaci\u00f3n de las actividades del d\u00eda en el teatro. Entrada libre): &#8220;50 a\u00f1os en 60 fotos. Un resumen&#8221;, muestra colectiva a prop\u00f3sito de los cincuenta a\u00f1os del Teatro. Salas del primer piso del Hall Central del Teatro. 07.07.-04.09. \/ In\u00e9s Ulanovsky, &#8220;Esma&#8221;, fotos. FotoGaler\u00eda. Desde 02.08.<\/li>\n<li>Palais de Glace, Posadas 1725 (Mar-Vie 12-20, S\u00e1b y Dom 10-20 hs. Entrada libre y gratuita): &#8220;Proyecto Circular III\u201c, obras de 48 j\u00f3venes artistas argentinos. 16.08.-11.09. \/ &#8220;Muestra Anual de Fotoperiodismo Argentino\u201c. XXII Edici\u00f3n. Per\u00edodo 2010. 16.08.-11.09.<\/li>\n<\/ul>\n<p><em><strong>Otras exposiciones<\/strong><\/em><\/p>\n<ul>\n<li>&#8220;Argentina y Alemania en el Caleidoscopio&#8221;, exposici\u00f3n de fotos de gran tama\u00f1o que muestran, de un modo colorido y l\u00fadico, algunos de los rasgos m\u00e1s caracter\u00edsticos de ambos pa\u00edses. <a href=\"http:\/\/www.buenos-aires.diplo.de\/Vertretung\/buenosaires\/es\/Startseite.html\">Embajada de Alemania<\/a>, sobre la calle Luis Mar\u00eda Campos entre Olleros y Gorostiaga. Desde 23.11.<\/li>\n<li>Ra\u00fal Farco, &#8220;En la piel del otro&#8221;, esculturas. Curador: Elio Kapszuk. &#8220;Paseo de las Esculturas&#8221;, Plaza Rub\u00e9n Dar\u00edo, Austria entre Av. del Libertador y Figueroa Alcorta. Desde 12.01.<\/li>\n<li>&#8220;Arte Tejano: de campos, barrios y fronteras&#8221;. Curador: Ces\u00e1reo Moreno. Espacio de Arte Fundaci\u00f3n Osde, Suipacha 658, 1er piso. Lun-S\u00e1b 12-20, Dom y feriados cerrado. Entrada libre y gratuita. 16.06.-13.08.<\/li>\n<li>Carola Rousso, &#8220;Miss Paran\u00e1&#8221;, fotos. <a href=\"http:\/\/www.mat.gov.ar\/\">Museo de Arte de Tigre<\/a>, Paseo Victorica 762, Tigre. Mi\u00e9-Vie 9-19, S\u00e1b y Dom 12-19 hs. 25.06.-28.08.<\/li>\n<li>&#8220;2 Fel&#8221;, obras de Gala Berger, Itamar Hartavi, Luciana Malfatti y Ramiro Oller. Curador: Carlos Bissolino. Fundaci\u00f3n Esteban Lisa, Rocamora 4555. Lun-Vie 16-20 hs. 07.07.-26.08.<\/li>\n<li>&#8220;Tiempo est\u00e1tico. Jim Campbell: 20 a\u00f1os de arte electr\u00f3nico&#8221;. Espacio Fundaci\u00f3n Telef\u00f3nica, Arenales 1540. Lun-S\u00e1b 14-20.30 hs. Entrada libre y gratuita. 08.07.-01.10.<\/li>\n<li>Nico Sara, &#8220;Pinturas 2.0&#8221;. <a href=\"http:\/\/www.elsidelrio.com.ar\/\">Elsi del Rio Arte Contempor\u00e1neo<\/a>, Humboldt 1510, Palermo Hollywood. Mar-Vie 14-20, S\u00e1b 11-15 hs. 14.07.-18.08.<\/li>\n<li>Emilia de las Carreras, &#8220;Petite Mort&#8221;, pinturas y dibujos. <a href=\"http:\/\/www.gachiprietogallery.com\/\">Gachi Prieto Gallery<\/a>, Uriarte 1976, Palermo. Mar-Vie 13-20, S\u00e1b 12-18 hs. 14.07.-20.08.<\/li>\n<li>Diego Santurio, &#8220;Aires vac\u00edos&#8221;, esculturas. <a href=\"http:\/\/www.bsgr.com.ar\/\">Bisagra Arte Contempor\u00e1neo<\/a>, Bonpland 1565, Palermo. Mar-Vie 15-20, S\u00e1b 11-14 hs. Desde 14.07.<\/li>\n<li>Guillermo Deisler, &#8220;Poetry Factory&#8221;. <a href=\"http:\/\/11x7galeria.com\/shows\/2011-Deisler\/show.html\">11&#215;7 Galer\u00eda de Arte<\/a>, Libertad 1628. Lun-Vie 11.30-20, S\u00e1b 11.30-14 hs. 14.07.-10.09.<\/li>\n<li>&#8220;Homenaje a Aurelio Macchi&#8221;, obras de m\u00e1s de 40 artistas, todos ex alumnos de <a href=\"http:\/\/aureliomacchi.blogspot.com\/\">Aurelio Macchi<\/a>. Organizadora: Elsa Espeleta, Curador: V\u00edctor Fern\u00e1ndez. Museo de Bellas Artes Benito Quinquela Mart\u00edn, Av. Pedro de Mendoza 1833, La Boca. 23.07.-28.08.<\/li>\n<li>&#8220;Sistemas, Acciones y Procesos&#8221;, m\u00e1s de cien obras de destacados artistas nacionales e internacionales: dibujos, pinturas, esculturas, fotograf\u00edas y registros de performances y acciones art\u00edsticas de las d\u00e9cadas del 60 y 70. Curador: Rodrigo Alonso. <a href=\"http:\/\/www.proa.org\/esp\/\">Fundaci\u00f3n Proa<\/a>, Av. Pedro de Mendoza 1929. Mar-Dom 11-19 hs. Entrada $10.-. 23.07.-16.09.<\/li>\n<li><a href=\"http:\/\/kunstinargentinien.com\/index.php\/2011\/08\/05\/meditacion-sobre-la-crueldad\/\">Armando Sapia, &#8220;Peque\u00f1os ejercicios contradictorios (deschavando la cocina)&#8221;<\/a>, dibujos. \/ Ang\u00fa V\u00e1zquez, dibujos. Atica Galer\u00eda de Arte, Libertad 1240, PB &#8220;9&#8221;. Lun-Vie 11-13 y 15-20, S\u00e1b 11-13.30 hs. 26.07.-27.08.<\/li>\n<li>&#8220;Pertenencia\/Neuqu\u00e9n&#8221;, artesan\u00edas neuquinas y trabajos de artistas contempor\u00e1neos de la provincia. En el marco del Ciclo Pertenencia. <a href=\"http:\/\/www.fnartes.gov.ar\/casa1.html\">Casa de la Cultura del Fondo Nacional de las Artes<\/a>, Rufino de Elizalde 2831. Mar-Dom 15-20 hs. Visitas guiadas: S\u00e1b, 15 y 18 hs. Entrada libre y gratuita. 26.07.-13.08.<\/li>\n<li>Perla Benveniste, Eduardo Rodr\u00edguez, &#8220;Desde otro lugar&#8221;. Gui\u00f3n curatorial: Cristina Rossi. <a href=\"http:\/\/www.fundacionfjklemm.org\/\">Fundaci\u00f3n Federico Jorge Klemm<\/a>, Marcelo T. de Alvear 626. Lun-Vie 11-20 hs. Desde 26.07.<\/li>\n<li><a href=\"http:\/\/www.andreswertheim.com\/\">Andr\u00e9s Wertheim<\/a>, &#8220;Tu otro yo&#8221;, fotos. <a href=\"http:\/\/www.fundacionlebensohn.org.ar\/\">Fundaci\u00f3n Lebensohn<\/a>, Gral. Hornos 238 (ex f\u00e1brica Bagley), Barracas. Lun-Vie 14-19 hs. Entrada libre y gratuita. 26.07.-26.08.<\/li>\n<li><a href=\"http:\/\/www.silviofischbein.com\/\">Silvio Fischbein<\/a>, &#8220;\u00daltimos trabajos&#8221;. Museo de Arte Contempor\u00e1neo Latinoamericano (MACLA), Calle 50 entre 6 y 7, La Plata. Mar-Vie 10-20, S\u00e1b y Dom 14-22 hs. Entrada libre y gratuita. 29.07.-28.08.<\/li>\n<li>Fabiana Barreda, Mart\u00edn Bonadeo, Gabriel Baggio, Gabriela Golder, Andrea Juan, &#8220;eco mind\u201c, detalles, fotograf\u00edas, instalaciones. <a href=\"http:\/\/www.praxis-art.com\/index.php?lang=en&#038;view=11&#038;ide=47\">Praxis<\/a>, Arenales 1311. Lun-Vie 10.30-20, S\u00e1b 10.30-14 hs. 29.07.-29.08.<\/li>\n<li>Jimena Brescia, &#8220;Mitos, emblemas e indicios&#8221;, fotos, videos y objetos. Sala I. \/ Gaspar Lima, &#8220;Cosm\u00e9tica de la criatura&#8221;, dibujos, ilustraciones y objetos. Sala II. <a href=\"http:\/\/www.pabellon4.com\/\">Pabell\u00f3n 4 Arte Contempor\u00e1neo<\/a>, Uriarte 1332. Lun-S\u00e1b 16-20 hs. Entrada libre. 02.08.-27.08.<\/li>\n<li>Andr\u00e9s Barrag\u00e1n, &#8220;Fotograf\u00edas 2009\/2011&#8221;. <a href=\"http:\/\/www.rubbers.com.ar\/\">Galer\u00eda Rubbers Internacional<\/a>, Av. Alvear 1595. Lun-Vie 11-20, S\u00e1b 11-13.30 hs. 03.08.-26.08.<\/li>\n<li>Manuel \u00c1lvarez, &#8220;El infierno son los otros&#8221;, pinturas. Hoy en el Arte Galer\u00eda, Juncal 848. Lun-Vie 11-20, S\u00e1b 11-14 hs. 03.08.-03.09.<\/li>\n<li>Florencia Almir\u00f3n, dibujos y objetos. <a href=\"http:\/\/www.delinfinito.com\/\">Del Infinito Arte<\/a>, Av. Quintana 325, PB. Desde 04.08.<\/li>\n<li>Diana Dreyfus, &#8220;Pliegos de superficie&#8221;. <a href=\"http:\/\/www.vanriel.com.ar\/\">Van Riel<\/a>, Juncal 790, PB. Lun-Vie 15-20 hs. 04.08.-02.09.<\/li>\n<li>&#8220;El rumbo del clima&#8221;, exposici\u00f3n sobre el cambio clim\u00e1tico. Organizado por la Embajada de Suiza y el Colegio Pestalozzi. Colegio Pestalozzi, Freire 1882, Belgrano. Mar-Vie 17-20 hs. Entrada libre. 05.08.-19.08.<\/li>\n<li>Santiago Fredes, &#8220;Parque Colonizador. Hecho consumado&#8221;. La D\u00e1rsena. Mario Bravo 298, Almagro. Lun-Vie 17-20, S\u00e1b 11-14 hs. 05.08.-26.08.<\/li>\n<li>Lorena Faccio (Argentina), &#8220;\u00eatre MADI&#8221;, Ga\u00ebl Bourmaud (Francia), &#8220;ser MADI&#8221;. <a href=\"http:\/\/www.roart.com.ar\/\">RO Galer\u00eda de Arte<\/a>, Paran\u00e1 1158. Lun-Vie 14-20 hs. 05.08.-02.09.<\/li>\n<li>&#8220;Desde el dibujo&#8221;, obras de M\u00f3nica Caputo, Mauricio Nizzero, Ra\u00fal Ponce, Rub\u00e9n Sassano, Ana Tarsia. <a href=\"http:\/\/www.espaciocolegiales.com.ar\/\">Espacio Colegiales<\/a>, Enrique Mart\u00ednez 916. Mar-Vie 16-20, S\u00e1b 11-13 hs. 06.08.-20.08.<\/li>\n<li>P\u00e1jaro G\u00f3mez, &#8220;De lo Inmaterial&#8221;, esculturas 2011. <a href=\"http:\/\/www.laurahaber.com.ar\/\">Laura Haber<\/a>, Juncal 885. Desde 08.08.<\/li>\n<li>&#8220;Sur Polar III, Arte en Ant\u00e1rtida&#8221;, obras de 13 artistas internacionales: objetos, dibujos, fotograf\u00edas, videos. Curadora: Andrea Juan. Museo de la Universidad Nacional de Tres de Febrero (MUNTREF), Valent\u00edn G\u00f3mez 4838, Caseros. Desde 10.08.<\/li>\n<li>Marina De Caro, &#8220;Turista en un agujero negro&#8221;. \/ Mart\u00edn Weber, &#8220;Mario. Saved Calls&#8221;. <a href=\"http:\/\/www.ruthbenzacar.com\/\">Ruth Benzacar<\/a>, Florida 1000. Lun-Vie 11.30-20 hs. 10.08.-09.09.<\/li>\n<li>Dani Umpi, &#8220;Eterna&#8221;. <a href=\"http:\/\/www.abategaleria.com\/web\/index.php\">Daniel Abate<\/a>, Pasaje Bollini 2170. Desde 11.08.<\/li>\n<li>Esteban \u00c1lvarez, &#8220;Pabell\u00f3n Argentino: Otro proyecto que no pudo ser&#8221;. \/ V\u00edctor G\u00f3mez, &#8220;piedra, camino y arte&#8221;, intervenciones en el paisaje. Arcimboldo Galer\u00eda de Arte, Reconquista 761. 11.08.-06.09.<\/li>\n<li>Ezequiel Vargas, &#8220;Memorias&#8221;, fotos. Curadoras: Mar\u00eda Basile y Melisa Boratyn. Fundaci\u00f3n Standard Bank, Riobamba 1276. Lun-Vie 10-20 hs. 11.08.-09.09.<\/li>\n<li>Leila Tschopp, &#8220;Modelos ideales&#8221;, instalaci\u00f3n de pinturas. Salas 1 y 2. \/ Julia Masvernat, &#8220;Una acumulaci\u00f3n que se transforma en imagen&#8221;, collage. Sala 3. <a href=\"http:\/\/www.arte713.com\/?cId=650\">713 Arte Contempor\u00e1neo<\/a>, Defensa 713, San Telmo. 11.08.-23.09.<\/li>\n<li><a href=\"http:\/\/www.gerardofeldstein.com.ar\/\">Gerardo Feldstein<\/a>. V. Muestra a Cielo Abierto en Pilar. Espacio Pilar Eventos, Los Arrayanes y Chile, km 47, Ruta Panamericana. 11.08.-13.08.<\/li>\n<li>LINDNERfest, dibujos de Lux Lindner de los \u00faltimos 20 a\u00f1os. <a href=\"http:\/\/norafisch.com\/\">Galer\u00eda Nora Fisch<\/a>, G\u00fcemes 2967, PB. Jue y Vie 15-20, S\u00e1b 17-21 hs. 11, 12 y 13 de agosto. El s\u00e1bado a partir de las 18.30 hs habr\u00e1 un cocktail, se proyectar\u00e1n sus animaciones recientes y Lindner conducir\u00e1 un &#8220;plasma-debate&#8221;.<\/li>\n<li><a href=\"http:\/\/www.flickr.com\/photos\/9632333@N07\/\">Benjam\u00edn Aitala<\/a>, pinturas. <a href=\"http:\/\/galeriaisabelanchorena.sion.com\/\">Galer\u00eda Isabel Anchorena<\/a>, Libertad 1389. Lun-Vie 11-20, S\u00e1b 11-15 hs. Inauguraci\u00f3n: 17.08., 19 hs. Hasta 12.09.<\/li>\n<li>&#8220;Traslaciones&#8221;, obras del grupo &#8220;Obras en Papel&#8221;. Auspiciado por Faber-Castell. Mundo Nuevo Gallery Art, Av. Callao 1870. Entrada libre y gratuita. Inauguraci\u00f3n: 18.08., 19 hs.<\/li>\n<li>Graciela Sacco, &#8220;Tensi\u00f3n admisible&#8221;. <a href=\"http:\/\/www.parquedelamemoria.org.ar\/\">Parque de la Memoria<\/a>\/Monumento a las V\u00edctimas del Terrorismo de Estado, Sala PAyS, Av. Costanera Norte Rafael Obligado 6745. Lun-Vie 10-17, S\u00e1b y Dom 12-18 hs. Entrada libre. Inauguraci\u00f3n: 20.08., 12 hs. Hasta 20.02.2012.<\/li>\n<li>Edgardo Madanes, esculturas. <a href=\"http:\/\/www.elsidelrio.com.ar\/\">Elsi del Rio Arte Contempor\u00e1neo<\/a>, Humboldt 1510, Palermo Hollywood. Mar-Vie 14-20, S\u00e1b 11-15 hs. Inauguraci\u00f3n: 23.08., 19-22 hs. Hasta 27.09.<\/li>\n<\/ul>\n","protected":false},"excerpt":{"rendered":"<p>Klicken Sie hier, um die deutsche Version zu lesen. Agenda de Muestras 13\/08\/11-20\/08\/11 Por Susanne Franz El martes 16 arranca en el Centro de Exposiciones, &#8220;Tango Buenos Aires Festival y Mundial 2011&#8221; con una programaci\u00f3n de lujo. Amelita Baltar y Horacio Molina a las 19 hs y gran milonga de apertura con Maria Nieves y [&hellip;]<\/p>\n","protected":false},"author":1,"featured_media":0,"comment_status":"open","ping_status":"open","sticky":false,"template":"","format":"standard","meta":{"footnotes":""},"categories":[18],"tags":[],"class_list":["post-8429","post","type-post","status-publish","format-standard","hentry","category-agenda"],"_links":{"self":[{"href":"https:\/\/kunstinargentinien.com\/index.php\/wp-json\/wp\/v2\/posts\/8429","targetHints":{"allow":["GET"]}}],"collection":[{"href":"https:\/\/kunstinargentinien.com\/index.php\/wp-json\/wp\/v2\/posts"}],"about":[{"href":"https:\/\/kunstinargentinien.com\/index.php\/wp-json\/wp\/v2\/types\/post"}],"author":[{"embeddable":true,"href":"https:\/\/kunstinargentinien.com\/index.php\/wp-json\/wp\/v2\/users\/1"}],"replies":[{"embeddable":true,"href":"https:\/\/kunstinargentinien.com\/index.php\/wp-json\/wp\/v2\/comments?post=8429"}],"version-history":[{"count":20,"href":"https:\/\/kunstinargentinien.com\/index.php\/wp-json\/wp\/v2\/posts\/8429\/revisions"}],"predecessor-version":[{"id":8436,"href":"https:\/\/kunstinargentinien.com\/index.php\/wp-json\/wp\/v2\/posts\/8429\/revisions\/8436"}],"wp:attachment":[{"href":"https:\/\/kunstinargentinien.com\/index.php\/wp-json\/wp\/v2\/media?parent=8429"}],"wp:term":[{"taxonomy":"category","embeddable":true,"href":"https:\/\/kunstinargentinien.com\/index.php\/wp-json\/wp\/v2\/categories?post=8429"},{"taxonomy":"post_tag","embeddable":true,"href":"https:\/\/kunstinargentinien.com\/index.php\/wp-json\/wp\/v2\/tags?post=8429"}],"curies":[{"name":"wp","href":"https:\/\/api.w.org\/{rel}","templated":true}]}}