{"id":8446,"date":"2011-08-12T17:21:43","date_gmt":"2011-08-12T20:21:43","guid":{"rendered":"http:\/\/kunstinargentinien.com\/?p=8446"},"modified":"2011-08-15T17:24:53","modified_gmt":"2011-08-15T20:24:53","slug":"ultimo-dia-de-la-baf-week","status":"publish","type":"post","link":"https:\/\/kunstinargentinien.com\/index.php\/2011\/08\/12\/ultimo-dia-de-la-baf-week\/","title":{"rendered":"\u00daltimo d\u00eda de la BAF Week"},"content":{"rendered":"<p><strong>Se destacaron propuestas contrastantes<\/p>\n<p><em>Por Paula Bonnet<\/em><\/strong><\/p>\n<p><a href=\"http:\/\/kunstinargentinien.com\/wp-content\/uploads\/2011\/08\/baf111.jpg\"><img loading=\"lazy\" decoding=\"async\" src=\"http:\/\/kunstinargentinien.com\/wp-content\/uploads\/2011\/08\/baf111.jpg\" alt=\"\" title=\"baf11\" width=\"250\" height=\"182\" class=\"alignright size-full wp-image-8447\" \/><\/a>Se termina el evento de moda m\u00e1s importante de la temporada y en esta \u00faltima jornada se destacaron dos propuestas contrastantes. Por un lado, a presentaci\u00f3n de la mini colecci\u00f3n de Levi\u2019s por Opening Ceremony. Se trata de sobrias creaciones en denim para hombres, mujeres y unisex. El cierre de la BAF estuvo a cargo de Mar\u00eda Vazquez, que present\u00f3 prendas coloridas, femeninas y con estampas divertidas.<\/p>\n<p><em>Foto: Johanna Cabrera<\/em><\/p>\n","protected":false},"excerpt":{"rendered":"<p>Se destacaron propuestas contrastantes Por Paula Bonnet Se termina el evento de moda m\u00e1s importante de la temporada y en esta \u00faltima jornada se destacaron dos propuestas contrastantes. Por un lado, a presentaci\u00f3n de la mini colecci\u00f3n de Levi\u2019s por Opening Ceremony. Se trata de sobrias creaciones en denim para hombres, mujeres y unisex. El [&hellip;]<\/p>\n","protected":false},"author":1,"featured_media":0,"comment_status":"open","ping_status":"open","sticky":false,"template":"","format":"standard","meta":{"footnotes":""},"categories":[13,4],"tags":[],"class_list":["post-8446","post","type-post","status-publish","format-standard","hentry","category-mode-moda","category-tipp-der-woche-recomendacion-de-la-semana"],"_links":{"self":[{"href":"https:\/\/kunstinargentinien.com\/index.php\/wp-json\/wp\/v2\/posts\/8446","targetHints":{"allow":["GET"]}}],"collection":[{"href":"https:\/\/kunstinargentinien.com\/index.php\/wp-json\/wp\/v2\/posts"}],"about":[{"href":"https:\/\/kunstinargentinien.com\/index.php\/wp-json\/wp\/v2\/types\/post"}],"author":[{"embeddable":true,"href":"https:\/\/kunstinargentinien.com\/index.php\/wp-json\/wp\/v2\/users\/1"}],"replies":[{"embeddable":true,"href":"https:\/\/kunstinargentinien.com\/index.php\/wp-json\/wp\/v2\/comments?post=8446"}],"version-history":[{"count":2,"href":"https:\/\/kunstinargentinien.com\/index.php\/wp-json\/wp\/v2\/posts\/8446\/revisions"}],"predecessor-version":[{"id":8449,"href":"https:\/\/kunstinargentinien.com\/index.php\/wp-json\/wp\/v2\/posts\/8446\/revisions\/8449"}],"wp:attachment":[{"href":"https:\/\/kunstinargentinien.com\/index.php\/wp-json\/wp\/v2\/media?parent=8446"}],"wp:term":[{"taxonomy":"category","embeddable":true,"href":"https:\/\/kunstinargentinien.com\/index.php\/wp-json\/wp\/v2\/categories?post=8446"},{"taxonomy":"post_tag","embeddable":true,"href":"https:\/\/kunstinargentinien.com\/index.php\/wp-json\/wp\/v2\/tags?post=8446"}],"curies":[{"name":"wp","href":"https:\/\/api.w.org\/{rel}","templated":true}]}}