{"id":8450,"date":"2011-08-20T00:25:22","date_gmt":"2011-08-20T03:25:22","guid":{"rendered":"http:\/\/kunstinargentinien.com\/?p=8450"},"modified":"2011-08-27T13:54:38","modified_gmt":"2011-08-27T16:54:38","slug":"11-deutsches-kinofestival","status":"publish","type":"post","link":"https:\/\/kunstinargentinien.com\/index.php\/2011\/08\/20\/11-deutsches-kinofestival\/","title":{"rendered":"11. Deutsches Kinofestival"},"content":{"rendered":"<p><strong>Das 11. &#8220;Festival de Cine Alem\u00e1n&#8221; steigt im September<\/p>\n<p><em>Von Susanne Franz<\/em><\/strong><\/p>\n<p><a href=\"http:\/\/kunstinargentinien.com\/wp-content\/uploads\/2011\/08\/pina-3d-poster1.jpg\"><img loading=\"lazy\" decoding=\"async\" src=\"http:\/\/kunstinargentinien.com\/wp-content\/uploads\/2011\/08\/pina-3d-poster1.jpg\" alt=\"\" title=\"pina-3d-poster\" width=\"250\" height=\"340\" class=\"alignleft size-full wp-image-8453\" srcset=\"https:\/\/kunstinargentinien.com\/wp-content\/uploads\/2011\/08\/pina-3d-poster1.jpg 250w, https:\/\/kunstinargentinien.com\/wp-content\/uploads\/2011\/08\/pina-3d-poster1-220x300.jpg 220w\" sizes=\"auto, (max-width: 250px) 100vw, 250px\" \/><\/a>Gute Nachrichten f\u00fcr alle Liebhaber des deutschen Films: Vom 22. bis 29. September findet das 11. &#8220;Festival de Cine Alem\u00e1n&#8221; statt, an seinem alten Standort Village Recoleta, das nach Umbauarbeiten wiederer\u00f6ffnet wurde. Das von German Films organisierte Filmfest ist l\u00e4ngst zu einem der Highlights im Kulturkalender der argentinischen Hauptstadt geworden und erfreut sich enormer Beliebtheit. Auf dem Programm stehen die j\u00fcngsten Produktionen des deutschen Filmschaffens. Unter den 12 Langspielfilmen wird auch Dokumentationen ein Platz einger\u00e4umt, und es gibt wie jedes Jahr ein Kurzfilmprogramm. Den feierlichen Abschluss bildet mit der Unterst\u00fctzung des Goethe-Instituts Buenos Aires ein Stummfilmklassiker mit Live-Musik. Das Publikum kann sich besonders auf den 3D-Tanzfilm &#8220;Pina&#8221; von Wim Wenders \u00fcber die vor zwei Jahren verstorbene legend\u00e4re Choreografin Pina Bausch freuen. Details werden in K\u00fcrze auf der <a href=\"http:\/\/www.cinealeman.com.ar\/festival11\/intro11.html\">Webseite des Festivals<\/a> bekanntgegeben.<\/p>\n","protected":false},"excerpt":{"rendered":"<p>Das 11. &#8220;Festival de Cine Alem\u00e1n&#8221; steigt im September Von Susanne Franz Gute Nachrichten f\u00fcr alle Liebhaber des deutschen Films: Vom 22. bis 29. September findet das 11. &#8220;Festival de Cine Alem\u00e1n&#8221; statt, an seinem alten Standort Village Recoleta, das nach Umbauarbeiten wiederer\u00f6ffnet wurde. Das von German Films organisierte Filmfest ist l\u00e4ngst zu einem der [&hellip;]<\/p>\n","protected":false},"author":1,"featured_media":0,"comment_status":"open","ping_status":"open","sticky":false,"template":"","format":"standard","meta":{"footnotes":""},"categories":[16],"tags":[],"class_list":["post-8450","post","type-post","status-publish","format-standard","hentry","category-film-cine"],"_links":{"self":[{"href":"https:\/\/kunstinargentinien.com\/index.php\/wp-json\/wp\/v2\/posts\/8450","targetHints":{"allow":["GET"]}}],"collection":[{"href":"https:\/\/kunstinargentinien.com\/index.php\/wp-json\/wp\/v2\/posts"}],"about":[{"href":"https:\/\/kunstinargentinien.com\/index.php\/wp-json\/wp\/v2\/types\/post"}],"author":[{"embeddable":true,"href":"https:\/\/kunstinargentinien.com\/index.php\/wp-json\/wp\/v2\/users\/1"}],"replies":[{"embeddable":true,"href":"https:\/\/kunstinargentinien.com\/index.php\/wp-json\/wp\/v2\/comments?post=8450"}],"version-history":[{"count":7,"href":"https:\/\/kunstinargentinien.com\/index.php\/wp-json\/wp\/v2\/posts\/8450\/revisions"}],"predecessor-version":[{"id":8657,"href":"https:\/\/kunstinargentinien.com\/index.php\/wp-json\/wp\/v2\/posts\/8450\/revisions\/8657"}],"wp:attachment":[{"href":"https:\/\/kunstinargentinien.com\/index.php\/wp-json\/wp\/v2\/media?parent=8450"}],"wp:term":[{"taxonomy":"category","embeddable":true,"href":"https:\/\/kunstinargentinien.com\/index.php\/wp-json\/wp\/v2\/categories?post=8450"},{"taxonomy":"post_tag","embeddable":true,"href":"https:\/\/kunstinargentinien.com\/index.php\/wp-json\/wp\/v2\/tags?post=8450"}],"curies":[{"name":"wp","href":"https:\/\/api.w.org\/{rel}","templated":true}]}}