{"id":8469,"date":"2011-08-09T16:49:32","date_gmt":"2011-08-09T19:49:32","guid":{"rendered":"http:\/\/kunstinargentinien.com\/?p=8469"},"modified":"2011-08-16T13:11:50","modified_gmt":"2011-08-16T16:11:50","slug":"bildung-fur-klima","status":"publish","type":"post","link":"https:\/\/kunstinargentinien.com\/index.php\/2011\/08\/09\/bildung-fur-klima\/","title":{"rendered":"Bildung f\u00fcr Klima"},"content":{"rendered":"<p><strong>Ausstellung zum Klimawandel in der Pestalozzi-Schule im Rahmen der Schweizer Wochen<br \/>\n<em><br \/>\nVon Charlotte D\u00f6tig<\/em><\/strong><\/p>\n<p><a href=\"http:\/\/kunstinargentinien.com\/wp-content\/uploads\/2011\/08\/Klimaausttellung.jpg\"><img loading=\"lazy\" decoding=\"async\" src=\"http:\/\/kunstinargentinien.com\/wp-content\/uploads\/2011\/08\/Klimaausttellung.jpg\" alt=\"\" title=\"Klimaausttellung\" width=\"250\" height=\"181\" class=\"alignleft size-full wp-image-8471\" \/><\/a>Ein Sturm von Ideen der Zukunft. Die L\u00f6sung der Schweiz. Die meisten wissen, doch es geht darum, zu verstehen. Das wurde in der Rede des Schweizer Botschafters Johannes Matyassy zur Er\u00f6ffnungsfeier der Wanderausstellung &#8220;El rumbo de clima&#8221; (Der Kurs bzw.Wandel des Klimas) deutlich. Ein simples Beispiel ist das Licht, was viele von uns mal vergessen auszumachen, es brennen lassen, bis es st\u00f6rt, und sich keine weiteren Gedanken dar\u00fcber machen. Richtig, es ist Stromverschwendung, und die Rechnung am Ende des Jahres ist erschreckend hoch, ach, und f\u00fcr das Klima ist es ja auch nicht gut. Die Klimaproblematik streift die Gedanken, doch ist sie immer noch nicht pr\u00e4sent genug, dass das aktive allt\u00e4gliche Leben ver\u00e4ndert wird, denn noch sind wir in unserem Alltag nicht drastisch durch den Wandel des Klimas beschr\u00e4nkt, als dass es ein allgegenw\u00e4rtiges Thema w\u00e4re. Noch sind es die Freaks oder \u00d6kofanatiker, die an jedem Lichtschalter und jeder Steckdose den Niedergang der Welt lauern sehen.<\/p>\n<p>Auch berichtet Matyassy mit gro\u00dfer Begeisterung von dem ersten Solarflugzeug, das nun f\u00fcr eine prim\u00e4re Weltumrundung vorbereitet wird. So wie auf den Plakaten mit Konzepten f\u00fcr Elektroautomobile gelockt und die Neugier geweckt wird. Klar ist, es gibt Alternativen, wir m\u00fcssen sie nur annehmen und uns auf eine Umstellung einlassen.<\/p>\n<p>Bew\u00e4ltigung funktioniert allein durch Aufkl\u00e4rung und Bildung. Welcher Ort k\u00f6nnte also besser f\u00fcr eine solche Ausstellung dienen als eine Schule? Direkt neben den selbstgebastelten M\u00fclltrennungsplakaten der Sch\u00fcler findet man die Tafeln der Klimaaustellung. So wird beispielsweise das gro\u00dfe Artensterben im Tierreich problematisiert, denn der Lebensraum vieler Spezies ist immer beschr\u00e4nkter. Eisb\u00e4ren ertrinken, da die Strecken, die sie von einer Eisfl\u00e4che zur n\u00e4chsten zu schwimmen haben, insbesondere f\u00fcr Jungtiere fast un\u00fcberwindlich sind und ihr Lebensraum tagt\u00e4glich dahinschmilzt.<\/p>\n<p>Begleitend zur Ausstellung, die am 5. August er\u00f6ffnet wurde, finden Workshops zu der Thematik statt, und selbst den Jungen und M\u00e4dchen, die nur durch die Pausenhalle rennen und in eines der Plakate fallen, wird die Dringlichkeit des Themas klar werden. Auf einer kleinen Illustration ist es gut zu sehen, die Uhren stehen auf f\u00fcnf Minuten vor zw\u00f6lf.<\/p>\n<ul>\n<li>&#8220;El rumbo del clima&#8221;, Ausstellung \u00fcber den Klimawandel<\/li>\n<li>Organisiert von der Schweizer Botschaft und der Pestalozzi-Schule<\/li>\n<li>Pestalozzi-Schule, Freire 1882, Belgrano<\/li>\n<li>Di-Fr 17-20 Uhr<\/li>\n<li>Eintritt frei<\/li>\n<li>Bis 19.8.<\/li>\n<\/ul>\n","protected":false},"excerpt":{"rendered":"<p>Ausstellung zum Klimawandel in der Pestalozzi-Schule im Rahmen der Schweizer Wochen Von Charlotte D\u00f6tig Ein Sturm von Ideen der Zukunft. Die L\u00f6sung der Schweiz. Die meisten wissen, doch es geht darum, zu verstehen. Das wurde in der Rede des Schweizer Botschafters Johannes Matyassy zur Er\u00f6ffnungsfeier der Wanderausstellung &#8220;El rumbo de clima&#8221; (Der Kurs bzw.Wandel des [&hellip;]<\/p>\n","protected":false},"author":1,"featured_media":0,"comment_status":"open","ping_status":"open","sticky":false,"template":"","format":"standard","meta":{"footnotes":""},"categories":[4],"tags":[],"class_list":["post-8469","post","type-post","status-publish","format-standard","hentry","category-tipp-der-woche-recomendacion-de-la-semana"],"_links":{"self":[{"href":"https:\/\/kunstinargentinien.com\/index.php\/wp-json\/wp\/v2\/posts\/8469","targetHints":{"allow":["GET"]}}],"collection":[{"href":"https:\/\/kunstinargentinien.com\/index.php\/wp-json\/wp\/v2\/posts"}],"about":[{"href":"https:\/\/kunstinargentinien.com\/index.php\/wp-json\/wp\/v2\/types\/post"}],"author":[{"embeddable":true,"href":"https:\/\/kunstinargentinien.com\/index.php\/wp-json\/wp\/v2\/users\/1"}],"replies":[{"embeddable":true,"href":"https:\/\/kunstinargentinien.com\/index.php\/wp-json\/wp\/v2\/comments?post=8469"}],"version-history":[{"count":5,"href":"https:\/\/kunstinargentinien.com\/index.php\/wp-json\/wp\/v2\/posts\/8469\/revisions"}],"predecessor-version":[{"id":8475,"href":"https:\/\/kunstinargentinien.com\/index.php\/wp-json\/wp\/v2\/posts\/8469\/revisions\/8475"}],"wp:attachment":[{"href":"https:\/\/kunstinargentinien.com\/index.php\/wp-json\/wp\/v2\/media?parent=8469"}],"wp:term":[{"taxonomy":"category","embeddable":true,"href":"https:\/\/kunstinargentinien.com\/index.php\/wp-json\/wp\/v2\/categories?post=8469"},{"taxonomy":"post_tag","embeddable":true,"href":"https:\/\/kunstinargentinien.com\/index.php\/wp-json\/wp\/v2\/tags?post=8469"}],"curies":[{"name":"wp","href":"https:\/\/api.w.org\/{rel}","templated":true}]}}