{"id":870,"date":"2007-01-20T08:01:40","date_gmt":"2007-01-20T11:01:40","guid":{"rendered":"http:\/\/kunstinargentinien.com\/index.php\/2007\/01\/20\/eine-lange-geschichte-mit-vielen-knoten\/"},"modified":"2007-01-19T18:03:02","modified_gmt":"2007-01-19T21:03:02","slug":"eine-lange-geschichte-mit-vielen-knoten","status":"publish","type":"post","link":"https:\/\/kunstinargentinien.com\/index.php\/2007\/01\/20\/eine-lange-geschichte-mit-vielen-knoten\/","title":{"rendered":"Eine lange Geschichte mit vielen Knoten"},"content":{"rendered":"<p><strong>Ausstellung \u201cFluxus in Deutschland 1962-1994\u201d endet am 30. Januar<\/strong><\/p>\n<div align=center><img decoding=\"async\" id=\"image871\" alt=Flux2.jpg src=\"http:\/\/kunstinargentinien.com\/wp-content\/uploads\/2007\/01\/Flux2.jpg\" \/><br \/>\n<em>Fluxus &#8211; Piano  Litauen (Hommage f\u00fcr Maciunas), von Wolf Vostell.<\/em><\/div>\n<p>Die vom Goethe-Institut Buenos Aires unterst\u00fctzte und von Ren\u00e9 Block und Gabriele Knapstein kuratierte Ausstellung \u201cFluxus en Alemania 1962-1994: Una larga historia con muchos nudos\u201d im Museo de Arte Latinoamericano (Malba) geht am 30. Januar zu Ende. Eine einzigartige Chance, dokumentarisches Fotomaterial der wichtigsten Aktionen, Festivals und Konzerte der Ende der 50-er Jahre geborenen Fluxus-Bewegung zu sehen, eine Richtung der zeitgen\u00f6ssischen Kunst, die sich besonders durch ihre geographische Transversalit\u00e4t und die provokative und experimentelle Ausrichtung auf den unterschiedlichsten Gebieten der Kunst auszeichnete.<\/p>\n<p>Die Exposition bietet auch die Gelegenheit, Projekte aus der Gr\u00fcnderzeit der Bewegung sowie Werke von K\u00fcnstlern wie (u.a.) Nam June Paik, Joseph Beuys, Ben Vautier und Dieter Roth zu sehen. Abgerundet wird die Schau mit einer Auswahl von Postern, Briefen, Phono-Aufnahmen, B\u00fcchern und Partituren.<\/p>\n<p>(Malba, Av. Figueroa Alcorta 3415. Eintritt 10 Pesos, mittwochs gratis, dienstags geschlossen; Infos <a href=\"http:\/\/www.malba.org.ar\/web\/\">hier<\/a>.)<\/p>\n","protected":false},"excerpt":{"rendered":"<p>Ausstellung \u201cFluxus in Deutschland 1962-1994\u201d endet am 30. Januar Fluxus &#8211; Piano Litauen (Hommage f\u00fcr Maciunas), von Wolf Vostell. Die vom Goethe-Institut Buenos Aires unterst\u00fctzte und von Ren\u00e9 Block und Gabriele Knapstein kuratierte Ausstellung \u201cFluxus en Alemania 1962-1994: Una larga historia con muchos nudos\u201d im Museo de Arte Latinoamericano (Malba) geht am 30. Januar zu [&hellip;]<\/p>\n","protected":false},"author":1,"featured_media":0,"comment_status":"open","ping_status":"open","sticky":false,"template":"","format":"standard","meta":{"footnotes":""},"categories":[4],"tags":[],"class_list":["post-870","post","type-post","status-publish","format-standard","hentry","category-tipp-der-woche-recomendacion-de-la-semana"],"_links":{"self":[{"href":"https:\/\/kunstinargentinien.com\/index.php\/wp-json\/wp\/v2\/posts\/870","targetHints":{"allow":["GET"]}}],"collection":[{"href":"https:\/\/kunstinargentinien.com\/index.php\/wp-json\/wp\/v2\/posts"}],"about":[{"href":"https:\/\/kunstinargentinien.com\/index.php\/wp-json\/wp\/v2\/types\/post"}],"author":[{"embeddable":true,"href":"https:\/\/kunstinargentinien.com\/index.php\/wp-json\/wp\/v2\/users\/1"}],"replies":[{"embeddable":true,"href":"https:\/\/kunstinargentinien.com\/index.php\/wp-json\/wp\/v2\/comments?post=870"}],"version-history":[{"count":0,"href":"https:\/\/kunstinargentinien.com\/index.php\/wp-json\/wp\/v2\/posts\/870\/revisions"}],"wp:attachment":[{"href":"https:\/\/kunstinargentinien.com\/index.php\/wp-json\/wp\/v2\/media?parent=870"}],"wp:term":[{"taxonomy":"category","embeddable":true,"href":"https:\/\/kunstinargentinien.com\/index.php\/wp-json\/wp\/v2\/categories?post=870"},{"taxonomy":"post_tag","embeddable":true,"href":"https:\/\/kunstinargentinien.com\/index.php\/wp-json\/wp\/v2\/tags?post=870"}],"curies":[{"name":"wp","href":"https:\/\/api.w.org\/{rel}","templated":true}]}}