{"id":8713,"date":"2011-08-31T20:27:04","date_gmt":"2011-08-31T23:27:04","guid":{"rendered":"http:\/\/kunstinargentinien.com\/?p=8713"},"modified":"2011-09-17T13:55:37","modified_gmt":"2011-09-17T16:55:37","slug":"zweimal-deutschland-beim-fiba","status":"publish","type":"post","link":"https:\/\/kunstinargentinien.com\/index.php\/2011\/08\/31\/zweimal-deutschland-beim-fiba\/","title":{"rendered":"Zweimal Deutschland beim FIBA"},"content":{"rendered":"<p><a href=\"http:\/\/kunstinargentinien.com\/index.php\/2011\/08\/31\/alemania-en-el-fiba\/\">Click aqu\u00ed para leer la versi\u00f3n en castellano.<\/a><\/p>\n<p><strong>St\u00fccke von Pollesch und Ostermeier in Buenos Aires<\/p>\n<p><em>Von Susanne Franz<\/em><\/strong><\/p>\n<p><a href=\"http:\/\/kunstinargentinien.com\/wp-content\/uploads\/2011\/08\/pollesch.jpg\"><img loading=\"lazy\" decoding=\"async\" src=\"http:\/\/kunstinargentinien.com\/wp-content\/uploads\/2011\/08\/pollesch.jpg\" alt=\"\" title=\"pollesch\" width=\"250\" height=\"170\" class=\"alignleft size-full wp-image-8869\" \/><\/a>Mit der Unterst\u00fctzung des Goethe-Instituts Buenos Aires werden zwei deutsche Produktionen im Rahmen des VIII. Internationalen Theaterfestivals von Buenos Aires, das vom 24. September bis zum 8. Oktober stattfindet, gezeigt: &#8220;Ich schau dir in die Augen, gesellschaftlicher Verblendungszusammenhang!&#8221; von Ren\u00e9 Pollesch, Volksb\u00fchne\/Berlin (Foto), und &#8220;Hamlet&#8221; von Thomas Ostermeier, Schaub\u00fchne am Lehniner Platz\/Berlin. Der Vorverkauf startet am morgigen 1. September. Infos auf der <a href=\"http:\/\/www.festivaldeteatroba.gob.ar\/home11\/web\/es\/index.html\">Webseite des Festivals<\/a>.<\/p>\n","protected":false},"excerpt":{"rendered":"<p>Click aqu\u00ed para leer la versi\u00f3n en castellano. St\u00fccke von Pollesch und Ostermeier in Buenos Aires Von Susanne Franz Mit der Unterst\u00fctzung des Goethe-Instituts Buenos Aires werden zwei deutsche Produktionen im Rahmen des VIII. Internationalen Theaterfestivals von Buenos Aires, das vom 24. September bis zum 8. Oktober stattfindet, gezeigt: &#8220;Ich schau dir in die Augen, [&hellip;]<\/p>\n","protected":false},"author":1,"featured_media":0,"comment_status":"open","ping_status":"open","sticky":false,"template":"","format":"standard","meta":{"footnotes":""},"categories":[17,4],"tags":[],"class_list":["post-8713","post","type-post","status-publish","format-standard","hentry","category-theater-teatro","category-tipp-der-woche-recomendacion-de-la-semana"],"_links":{"self":[{"href":"https:\/\/kunstinargentinien.com\/index.php\/wp-json\/wp\/v2\/posts\/8713","targetHints":{"allow":["GET"]}}],"collection":[{"href":"https:\/\/kunstinargentinien.com\/index.php\/wp-json\/wp\/v2\/posts"}],"about":[{"href":"https:\/\/kunstinargentinien.com\/index.php\/wp-json\/wp\/v2\/types\/post"}],"author":[{"embeddable":true,"href":"https:\/\/kunstinargentinien.com\/index.php\/wp-json\/wp\/v2\/users\/1"}],"replies":[{"embeddable":true,"href":"https:\/\/kunstinargentinien.com\/index.php\/wp-json\/wp\/v2\/comments?post=8713"}],"version-history":[{"count":10,"href":"https:\/\/kunstinargentinien.com\/index.php\/wp-json\/wp\/v2\/posts\/8713\/revisions"}],"predecessor-version":[{"id":8871,"href":"https:\/\/kunstinargentinien.com\/index.php\/wp-json\/wp\/v2\/posts\/8713\/revisions\/8871"}],"wp:attachment":[{"href":"https:\/\/kunstinargentinien.com\/index.php\/wp-json\/wp\/v2\/media?parent=8713"}],"wp:term":[{"taxonomy":"category","embeddable":true,"href":"https:\/\/kunstinargentinien.com\/index.php\/wp-json\/wp\/v2\/categories?post=8713"},{"taxonomy":"post_tag","embeddable":true,"href":"https:\/\/kunstinargentinien.com\/index.php\/wp-json\/wp\/v2\/tags?post=8713"}],"curies":[{"name":"wp","href":"https:\/\/api.w.org\/{rel}","templated":true}]}}