{"id":8720,"date":"2011-08-31T20:21:44","date_gmt":"2011-08-31T23:21:44","guid":{"rendered":"http:\/\/kunstinargentinien.com\/?p=8720"},"modified":"2011-09-17T13:56:46","modified_gmt":"2011-09-17T16:56:46","slug":"alemania-en-el-fiba","status":"publish","type":"post","link":"https:\/\/kunstinargentinien.com\/index.php\/2011\/08\/31\/alemania-en-el-fiba\/","title":{"rendered":"Alemania en el FIBA"},"content":{"rendered":"<p><a href=\"http:\/\/kunstinargentinien.com\/index.php\/2011\/08\/31\/zweimal-deutschland-beim-fiba\/\">Klicken Sie hier, um die deutsche Version zu lesen.<\/a><\/p>\n<p><strong>Obras de Ren\u00e9 Pollesch y Thomas Ostermeier en Buenos Aires<\/strong><\/p>\n<p><a href=\"http:\/\/kunstinargentinien.com\/wp-content\/uploads\/2011\/08\/pollesch.jpg\"><img loading=\"lazy\" decoding=\"async\" src=\"http:\/\/kunstinargentinien.com\/wp-content\/uploads\/2011\/08\/pollesch.jpg\" alt=\"\" title=\"pollesch\" width=\"250\" height=\"170\" class=\"alignleft size-full wp-image-8869\" \/><\/a>Con el auspicio del Goethe-Institut y la Embajada de Alemania, Alemania renueva su presencia en el Festival Internacional de Buenos Aires con dos producciones de las compa\u00f1\u00edas m\u00e1s prestigiosas del pa\u00eds: <a href=\"http:\/\/www.festivaldeteatroba.gob.ar\/home11\/web\/es\/plays\/show\/v\/id\/1.html\">&#8220;\u00a1Te estoy mirando a los ojos, contexto social de ofuscaci\u00f3n!&#8221;<\/a> (Ich schau dir in die Augen, gesellschaftlicher Verblendungszusammenhang!) de Ren\u00e9 Pollesch, Volksb\u00fchne\/Berl\u00edn (Foto), y <a href=\"http:\/\/www.festivaldeteatroba.gob.ar\/home11\/web\/es\/plays\/show\/v\/id\/2.html\">&#8220;Hamlet&#8221;<\/a>, de Thomas Ostermeier, Schaub\u00fchne am Lehniner Platz\/Berl\u00edn.<\/p>\n<p>Entradas <a href=\"http:\/\/www.festivales.gob.ar\/index.phtml\">por internet<\/a> o personalmente en la Casa de la Cultura (Av. de Mayo 575) de lunes a viernes de 11 a 19 h, y en el Teatro San Mart\u00edn (Av. Corrientes 1530), en el mismo horario, todos los d\u00edas (incluso fines de semana).<\/p>\n","protected":false},"excerpt":{"rendered":"<p>Klicken Sie hier, um die deutsche Version zu lesen. Obras de Ren\u00e9 Pollesch y Thomas Ostermeier en Buenos Aires Con el auspicio del Goethe-Institut y la Embajada de Alemania, Alemania renueva su presencia en el Festival Internacional de Buenos Aires con dos producciones de las compa\u00f1\u00edas m\u00e1s prestigiosas del pa\u00eds: &#8220;\u00a1Te estoy mirando a los [&hellip;]<\/p>\n","protected":false},"author":1,"featured_media":0,"comment_status":"open","ping_status":"open","sticky":false,"template":"","format":"standard","meta":{"footnotes":""},"categories":[17,4],"tags":[],"class_list":["post-8720","post","type-post","status-publish","format-standard","hentry","category-theater-teatro","category-tipp-der-woche-recomendacion-de-la-semana"],"_links":{"self":[{"href":"https:\/\/kunstinargentinien.com\/index.php\/wp-json\/wp\/v2\/posts\/8720","targetHints":{"allow":["GET"]}}],"collection":[{"href":"https:\/\/kunstinargentinien.com\/index.php\/wp-json\/wp\/v2\/posts"}],"about":[{"href":"https:\/\/kunstinargentinien.com\/index.php\/wp-json\/wp\/v2\/types\/post"}],"author":[{"embeddable":true,"href":"https:\/\/kunstinargentinien.com\/index.php\/wp-json\/wp\/v2\/users\/1"}],"replies":[{"embeddable":true,"href":"https:\/\/kunstinargentinien.com\/index.php\/wp-json\/wp\/v2\/comments?post=8720"}],"version-history":[{"count":5,"href":"https:\/\/kunstinargentinien.com\/index.php\/wp-json\/wp\/v2\/posts\/8720\/revisions"}],"predecessor-version":[{"id":8723,"href":"https:\/\/kunstinargentinien.com\/index.php\/wp-json\/wp\/v2\/posts\/8720\/revisions\/8723"}],"wp:attachment":[{"href":"https:\/\/kunstinargentinien.com\/index.php\/wp-json\/wp\/v2\/media?parent=8720"}],"wp:term":[{"taxonomy":"category","embeddable":true,"href":"https:\/\/kunstinargentinien.com\/index.php\/wp-json\/wp\/v2\/categories?post=8720"},{"taxonomy":"post_tag","embeddable":true,"href":"https:\/\/kunstinargentinien.com\/index.php\/wp-json\/wp\/v2\/tags?post=8720"}],"curies":[{"name":"wp","href":"https:\/\/api.w.org\/{rel}","templated":true}]}}