{"id":884,"date":"2007-02-02T07:18:14","date_gmt":"2007-02-02T10:18:14","guid":{"rendered":"http:\/\/kunstinargentinien.com\/index.php\/2007\/02\/02\/kalender-agenda-51\/"},"modified":"2007-02-02T17:12:23","modified_gmt":"2007-02-02T20:12:23","slug":"kalender-agenda-51","status":"publish","type":"post","link":"https:\/\/kunstinargentinien.com\/index.php\/2007\/02\/02\/kalender-agenda-51\/","title":{"rendered":"Kalender \/ Agenda"},"content":{"rendered":"<p><a href=\"http:\/\/kunstinargentinien.com\/index.php\/2007\/02\/02\/agenda-kalender-44\/\">Click aqu\u00ed para leer la versi\u00f3n en castellano.<\/a><\/p>\n<p><strong>Ausstellungs-Kalender 03.02.07-10.02.07<\/strong><\/p>\n<div align=center><img decoding=\"async\" id=\"image882\" alt=Tabula.jpg src=\"http:\/\/kunstinargentinien.com\/wp-content\/uploads\/2007\/01\/Tabula.jpg\" \/><br \/>\n<em>Carlos Furmans Foto von Miguel Robles&#8217; Tanzst\u00fcck \u201eTabula rasa\u201c. Die Ausstellung des Tanz- und Theaterfotografen in der Casa de la Cultura, Av. de Mayo 575, findet vom 7. bis 18. Februar im Rahmen des Tanzfestivals statt.<\/em><\/div>\n<ul>\n<li>MALBA (Museo de Arte Latinoamericano de Buenos Aires), Av. Figueroa Alcorta 3415 (Do-Mo und feiertags 12-20 Uhr, Di geschlossen, Mi bis 21 Uhr, Eintritt frei. An anderen Tagen: Eintritt 10 Pesos, Lehrer und \u00fcber 65-J\u00e4hrige 5 Pesos, Studenten, Kinder unter 12 Jahren und Behinderte gratis): \u201eAdquisiciones, donaciones y comodatos, Obras Malba-Colecci\u00f3n Costantini\u201c,  Gem\u00e4lde, Objekte, Zeichnungen, Fotos, Filme, Videos und Dokumente, die neu vom Museum erworben wurden, und die Schenkungen und Leihgaben von 2006. Bis 19.3. \/ \u201eArte contempor\u00e1neo\u201c, zeitgen\u00f6ssische Kunst aus dem Museumsschatz, darunter Werke von Leo Battistelli, Fabi\u00e1n Burgos und Cristina Piffer (2004), und von Elba Bairon, Dino Bruzzone, Cristina Schiavi und Pablo Siquier (2005). Im \u201eContempor\u00e1neo\u201c-Saal. 19.1-26.3. \/ Marta Minuj\u00edn. \u201eLos meses del a\u00f1o\u201c (Terrasse). 7.12.-September 2007. \/ Sergio Avello, \u201eVolumen\u201c (Explanade). 7.12.-September 2007.<\/li>\n<p><!--more--><\/p>\n<li>Centro Cultural Recoleta, Jun\u00edn 1930 (Di-Fr 14-21, Sa, So und feiertags 10-21 Uhr, Eintritt 1 Peso): \u201eLiteraturas del Exilio\u201c. S\u00e4le 4, 5, 6, 7, 8 und 9. 14.12.-11.2. \/ \u201eEl cuerpo dise\u00f1ado\u201c, Werke von (u.a.) Silvia Rivas, Carolina Antoniadis, Fabiana Barreda, Pablo Reinoso, Mart\u00edn de Girolamo, Mariano Toledo, Mart\u00edn Churba und Vero Ivaldi. Kuratorin: Andrea Saltzman. Cronopios-Saal. Bis 25.2. \/ Rachel Lebenas, \u201eEl Manto Milagroso\u201c, Retrospektive 1976-2006. Saal 11. 18.1.-18.2. \/ Eugenio Ramirez, \u201ePinturas, Paisajes, Retratos\u201c. Saal 10. 18.1.-18.2. \/ I\u00f1aki Larrimbe, \u201e<strong>SERIA SONEUB<\/strong>BUENOS AIRES (Reportaje gr\u00e1fico)\u201c. Espacio Historieta-Saal. 18.1.-25.2. \/ Pablo Garber, \u201eNY NY &#8211; Not your New York\u201c. Prometeus-Saal. 18.1.-4.3. \/ \u201eCultureta Porte\u00f1a: una cuesti\u00f3n bien argentina\u201c, Kunst-Design vom \u201eEstudio Finx.Duvey\u201c. S\u00e4le 1 und 2. 1.2.-25.2. \/ Guillermo Von Plocki, \u201eRastros 2004-2006\u201c, Aquarelle, Fotos und Videos. Saal 15. 1.2.-25.2.<\/li>\n<\/li>\n<li>Centro Cultural Borges, Viamonte\/San Mart\u00edn (Mo-Sa 11-21, So 12-21 Uhr; Eintritt 3 Pesos, Rentner und Studenten 1,50 Pesos; Torres Garc\u00eda: 6 Pesos, Rentner und Studenten 4 Pesos): Joaqu\u00edn Torres Garc\u00eda, \u201eUniversalismo Constructivo\u201c. 25.10.-11.2. \/ Sameer, Karim und Leila Makarius, Marion und Miguel Greiner, \u201eTres generaciones\u201c, Gem\u00e4lde, Graphiken und Fotos. 11.1.-4.3.<\/li>\n<li>Museo Nacional de Bellas Artes (MNBA), Av. del Libertador 1473 (Di-Fr 12.30-19.30, Sa und So 9.30-19.30 Uhr, Eintritt frei): Luc\u00eda Pacenza, \u201eDesde el Sur\u201c, Skulpturen. 15.11.-4.3. \/ Ernesto Deira, Retrospektive. 29.11.-18.2. \/ Jos\u00e9 Manuel Ciria (Spanien), \u201eLa Epopeya de Gilgamesh\u201c, Gem\u00e4lde. Er\u00f6ffnung: 7.2., 19 Uhr. Bis 18.3.<\/li>\n<li>FotoGaler\u00eda des Theaters San Mart\u00edn, Av. Corrientes 1530 (Mo-Fr ab 12 Uhr, samstags und sonntags ab 14 Uhr, bis zum Ende der Vorstellungen im Theater. Eintritt frei): Eduardo Longoni, \u201eViolencias. Argentina 1980-2003\u201c, Fotos. 1.2.-4.3.<\/li>\n<\/ul>\n<p><em><strong>Sonstige Ausstellungen<\/strong><\/em><\/p>\n<ul>\n<li>Gertrudis Chale (\u00d6sterreich), \u201eEl \u201eestar\u201c en Am\u00e9rica\u201c, Gem\u00e4lde. Museo de la Universidad Nacional Tres de Febrero, Valent\u00edn G\u00f3mez 4828\/38 (gegen\u00fcber der Zugstation), Caseros, Provinz Buenos Aires. Mo-Sa 11-20 Uhr. 25.10.-23.3.<\/li>\n<li>\u201eEl Final del Laberinto\u201c, Werke von Julia Mensch, Diego Haboba, Ignacio Valdez, Ariel Cusnir und Federico Zukerfeld. Kurator: Diego Perrotta. Galerie Empat\u00eda, Carlos Pellegrini 1255. Mo-Fr 11-20, Sa 10-13 Uhr. 11.1.-3.3.<\/li>\n<li>\u201eColectivo Rascacielo (Arte a lo alto)\u201c, Werke von Patricio Larrambebere, Ana Montecucco, Ezequiel Mu\u00f1oz, Celeste Najt, Clare Bakota Irana Douer, u.a. El Tigre Celeste, Galer\u00eda de Arte, Costa Rica 4832, 1. Stock, Palermo. Mi-Fr 12.30-20, Sa 14-19 Uhr. Seit 10.1.<\/li>\n<li>Mario Gurfein, \u201eDevelaciones\u201c. Daniel Maman Fine Art, Calle 29 (Las Gaviotas) y 18, Local 2, Punta del Este, Uruguay. Seit 20.1.<\/li>\n<li>Carlos Furman, \u201eBs.As. Danza\u201c, Fotos. Im Rahmen des \u201eIV. Festival Buenos Aires Danza Contempor\u00e1nea\u201c (Festival des Modernen Tanzes). \u201eEspacio Casa de la Cultura\u201c, Av. de Mayo 575. 14-20 Uhr. Eintritt frei. 7.2.-18.2.<\/li>\n<\/ul>\n","protected":false},"excerpt":{"rendered":"<p>Click aqu\u00ed para leer la versi\u00f3n en castellano. Ausstellungs-Kalender 03.02.07-10.02.07 Carlos Furmans Foto von Miguel Robles&#8217; Tanzst\u00fcck \u201eTabula rasa\u201c. Die Ausstellung des Tanz- und Theaterfotografen in der Casa de la Cultura, Av. de Mayo 575, findet vom 7. bis 18. Februar im Rahmen des Tanzfestivals statt. MALBA (Museo de Arte Latinoamericano de Buenos Aires), Av. [&hellip;]<\/p>\n","protected":false},"author":1,"featured_media":0,"comment_status":"open","ping_status":"open","sticky":false,"template":"","format":"standard","meta":{"footnotes":""},"categories":[3],"tags":[],"class_list":["post-884","post","type-post","status-publish","format-standard","hentry","category-kalender-agenda"],"_links":{"self":[{"href":"https:\/\/kunstinargentinien.com\/index.php\/wp-json\/wp\/v2\/posts\/884","targetHints":{"allow":["GET"]}}],"collection":[{"href":"https:\/\/kunstinargentinien.com\/index.php\/wp-json\/wp\/v2\/posts"}],"about":[{"href":"https:\/\/kunstinargentinien.com\/index.php\/wp-json\/wp\/v2\/types\/post"}],"author":[{"embeddable":true,"href":"https:\/\/kunstinargentinien.com\/index.php\/wp-json\/wp\/v2\/users\/1"}],"replies":[{"embeddable":true,"href":"https:\/\/kunstinargentinien.com\/index.php\/wp-json\/wp\/v2\/comments?post=884"}],"version-history":[{"count":0,"href":"https:\/\/kunstinargentinien.com\/index.php\/wp-json\/wp\/v2\/posts\/884\/revisions"}],"wp:attachment":[{"href":"https:\/\/kunstinargentinien.com\/index.php\/wp-json\/wp\/v2\/media?parent=884"}],"wp:term":[{"taxonomy":"category","embeddable":true,"href":"https:\/\/kunstinargentinien.com\/index.php\/wp-json\/wp\/v2\/categories?post=884"},{"taxonomy":"post_tag","embeddable":true,"href":"https:\/\/kunstinargentinien.com\/index.php\/wp-json\/wp\/v2\/tags?post=884"}],"curies":[{"name":"wp","href":"https:\/\/api.w.org\/{rel}","templated":true}]}}