{"id":897,"date":"2007-02-20T09:36:51","date_gmt":"2007-02-20T12:36:51","guid":{"rendered":"http:\/\/kunstinargentinien.com\/index.php\/2007\/02\/20\/arte-filmico-en-dvd-ii\/"},"modified":"2007-02-24T16:08:34","modified_gmt":"2007-02-24T19:08:34","slug":"arte-filmico-en-dvd-ii","status":"publish","type":"post","link":"https:\/\/kunstinargentinien.com\/index.php\/2007\/02\/20\/arte-filmico-en-dvd-ii\/","title":{"rendered":"Arte f\u00edlmico en DVD II"},"content":{"rendered":"<p><a href=\"http:\/\/kunstinargentinien.com\/index.php\/2007\/02\/20\/filmkunstler-auf-dvd-ii\/\">Klicken Sie hier, um die deutsche Version zu lesen.<\/a><\/p>\n<p><strong>Pel\u00edculas de Lisandro Alonso en segunda edici\u00f3n de \u201ccolecci\u00f3n malba.cine\u201d<\/strong><\/p>\n<p><img decoding=\"async\" id=\"image894\" alt=Lisandro.jpg src=\"http:\/\/kunstinargentinien.com\/wp-content\/uploads\/2007\/02\/Lisandro.jpg\" \/><\/p>\n<p>Con la edici\u00f3n de la filmograf\u00eda completa del director Lisandro Alonso (&#8220;La libertad&#8221;, &#8220;Los muertos&#8221;, &#8220;Fantasma&#8221;), el <a href=\"http:\/\/www.malba.org.ar\/web\/\">Malba<\/a> presenta la segunda entrega de su colecci\u00f3n de DVD de cine argentino y latinoamericano, inaugurada en 2006 con los films de <a href=\"http:\/\/kunstinargentinien.com\/index.php\/2006\/04\/18\/arte-filmico-en-dvd\/\">Mart\u00edn Rejtman<\/a>.<\/p>\n<p>Adem\u00e1s de las tres pel\u00edculas de Alonso, esta nueva edici\u00f3n incluye escenas eliminadas, trailers y el making off de &#8220;Los muertos&#8221;, que bien podr\u00eda considerarse como un cuarto largometraje in\u00e9dito del director.<\/p>\n<p>Lanzamiento: Jueves 22 de febrero a las 20 horas en el Malba, Av. Figueroa Alcorta 3415.<\/p>\n","protected":false},"excerpt":{"rendered":"<p>Klicken Sie hier, um die deutsche Version zu lesen. Pel\u00edculas de Lisandro Alonso en segunda edici\u00f3n de \u201ccolecci\u00f3n malba.cine\u201d Con la edici\u00f3n de la filmograf\u00eda completa del director Lisandro Alonso (&#8220;La libertad&#8221;, &#8220;Los muertos&#8221;, &#8220;Fantasma&#8221;), el Malba presenta la segunda entrega de su colecci\u00f3n de DVD de cine argentino y latinoamericano, inaugurada en 2006 con [&hellip;]<\/p>\n","protected":false},"author":1,"featured_media":0,"comment_status":"open","ping_status":"open","sticky":false,"template":"","format":"standard","meta":{"footnotes":""},"categories":[10],"tags":[],"class_list":["post-897","post","type-post","status-publish","format-standard","hentry","category-off-topic"],"_links":{"self":[{"href":"https:\/\/kunstinargentinien.com\/index.php\/wp-json\/wp\/v2\/posts\/897","targetHints":{"allow":["GET"]}}],"collection":[{"href":"https:\/\/kunstinargentinien.com\/index.php\/wp-json\/wp\/v2\/posts"}],"about":[{"href":"https:\/\/kunstinargentinien.com\/index.php\/wp-json\/wp\/v2\/types\/post"}],"author":[{"embeddable":true,"href":"https:\/\/kunstinargentinien.com\/index.php\/wp-json\/wp\/v2\/users\/1"}],"replies":[{"embeddable":true,"href":"https:\/\/kunstinargentinien.com\/index.php\/wp-json\/wp\/v2\/comments?post=897"}],"version-history":[{"count":0,"href":"https:\/\/kunstinargentinien.com\/index.php\/wp-json\/wp\/v2\/posts\/897\/revisions"}],"wp:attachment":[{"href":"https:\/\/kunstinargentinien.com\/index.php\/wp-json\/wp\/v2\/media?parent=897"}],"wp:term":[{"taxonomy":"category","embeddable":true,"href":"https:\/\/kunstinargentinien.com\/index.php\/wp-json\/wp\/v2\/categories?post=897"},{"taxonomy":"post_tag","embeddable":true,"href":"https:\/\/kunstinargentinien.com\/index.php\/wp-json\/wp\/v2\/tags?post=897"}],"curies":[{"name":"wp","href":"https:\/\/api.w.org\/{rel}","templated":true}]}}