{"id":908,"date":"2007-02-24T07:52:11","date_gmt":"2007-02-24T10:52:11","guid":{"rendered":"http:\/\/kunstinargentinien.com\/index.php\/2007\/02\/24\/drei-generationen-einer-kunstlerfamilie\/"},"modified":"2007-02-24T16:12:34","modified_gmt":"2007-02-24T19:12:34","slug":"drei-generationen-einer-kunstlerfamilie","status":"publish","type":"post","link":"https:\/\/kunstinargentinien.com\/index.php\/2007\/02\/24\/drei-generationen-einer-kunstlerfamilie\/","title":{"rendered":"Drei Generationen einer K\u00fcnstlerfamilie"},"content":{"rendered":"<p><strong>\u201cTres generaciones\u201d: Werke der Familie Makarius\/Greiner<\/p>\n<p><em>Von Susanne Franz<\/em><\/strong><\/p>\n<div align=center><img decoding=\"async\" id=\"image903\" alt=Sama2.jpg src=\"http:\/\/kunstinargentinien.com\/wp-content\/uploads\/2007\/02\/Sama2.jpg\" \/><br \/>\n<em>Gem\u00e4lde von Karim Makarius.<\/em><\/div>\n<p>Das \u00fcberbordende Talent einer Familie kann man noch bis zum 4. M\u00e4rz in einer sehenswerten Ausstellung im Centro Cultural Borges (Viamonte\/San Mart\u00edn) sehen: \u201cTres generaciones\u201d hei\u00dft die gro\u00dfz\u00fcgig geh\u00e4ngte Exposition der Familie Makarius\/Greiner. Klar im Mittelpunkt steht die menschliche Figur: sowohl in den tiefgr\u00fcndigen Gem\u00e4lden und Graphiken des bekannten, aus \u00c4gypten stammenden K\u00fcnstlers Sameer Makarius (geb. 1924), als auch in den wilden, kreativen Werken seines Sohnes Karim Makarius (geb. 1958) und den Fotografien der Tochter <a href=\"http:\/\/kunstinargentinien.com\/index.php\/2006\/08\/19\/aus-sicht-des-anderen\/\">Leila Makarius<\/a> (geb. 1954), in denen Mensch, Kultur und Architektur in zahlreichen Spiegelungen in einen poetischen Dialog treten.<\/p>\n<p>Leilas Tochter Marion Greiner (geb. 1979) zeigt in ihren figurativen Gem\u00e4lden gro\u00dfes Talent; ins Abstrakte lotet ihr Bruder Miguel Greiner (geb. 1982) mit Fotografien, in denen er mit dem Licht experimentiert. Hier gibt es wiederum eine \u00dcbereinstimmung mit Karim Makarius: In einer innovativen Serie von gro\u00dfformatigen digitalisiert-intervenierten \u201cProjektogrammen\u201d zeigt dieser (in Zusammenarbeit mit Maxi Luciano) eine ganz andere Facette seines au\u00dferordentlichen Talents.<\/p>\n<p><em>Centro Cultural Borges, Viamonte\/San Mart\u00edn. Mo-Sa 11-21, So 12-21 Uhr. Eintritt 4 Pesos, Rentner und Studenten 2 Pesos.<\/em><\/p>\n<p><em>Dieser Artikel erschien am 24.02.07 im &#8220;Argentinischen Tageblatt&#8221;.<\/em><\/p>\n","protected":false},"excerpt":{"rendered":"<p>\u201cTres generaciones\u201d: Werke der Familie Makarius\/Greiner Von Susanne Franz Gem\u00e4lde von Karim Makarius. Das \u00fcberbordende Talent einer Familie kann man noch bis zum 4. M\u00e4rz in einer sehenswerten Ausstellung im Centro Cultural Borges (Viamonte\/San Mart\u00edn) sehen: \u201cTres generaciones\u201d hei\u00dft die gro\u00dfz\u00fcgig geh\u00e4ngte Exposition der Familie Makarius\/Greiner. Klar im Mittelpunkt steht die menschliche Figur: sowohl in [&hellip;]<\/p>\n","protected":false},"author":1,"featured_media":0,"comment_status":"open","ping_status":"open","sticky":false,"template":"","format":"standard","meta":{"footnotes":""},"categories":[4],"tags":[],"class_list":["post-908","post","type-post","status-publish","format-standard","hentry","category-tipp-der-woche-recomendacion-de-la-semana"],"_links":{"self":[{"href":"https:\/\/kunstinargentinien.com\/index.php\/wp-json\/wp\/v2\/posts\/908","targetHints":{"allow":["GET"]}}],"collection":[{"href":"https:\/\/kunstinargentinien.com\/index.php\/wp-json\/wp\/v2\/posts"}],"about":[{"href":"https:\/\/kunstinargentinien.com\/index.php\/wp-json\/wp\/v2\/types\/post"}],"author":[{"embeddable":true,"href":"https:\/\/kunstinargentinien.com\/index.php\/wp-json\/wp\/v2\/users\/1"}],"replies":[{"embeddable":true,"href":"https:\/\/kunstinargentinien.com\/index.php\/wp-json\/wp\/v2\/comments?post=908"}],"version-history":[{"count":0,"href":"https:\/\/kunstinargentinien.com\/index.php\/wp-json\/wp\/v2\/posts\/908\/revisions"}],"wp:attachment":[{"href":"https:\/\/kunstinargentinien.com\/index.php\/wp-json\/wp\/v2\/media?parent=908"}],"wp:term":[{"taxonomy":"category","embeddable":true,"href":"https:\/\/kunstinargentinien.com\/index.php\/wp-json\/wp\/v2\/categories?post=908"},{"taxonomy":"post_tag","embeddable":true,"href":"https:\/\/kunstinargentinien.com\/index.php\/wp-json\/wp\/v2\/tags?post=908"}],"curies":[{"name":"wp","href":"https:\/\/api.w.org\/{rel}","templated":true}]}}