{"id":917,"date":"2007-03-02T23:38:36","date_gmt":"2007-03-03T02:38:36","guid":{"rendered":"http:\/\/kunstinargentinien.com\/index.php\/2007\/03\/02\/kalender-agenda-55\/"},"modified":"2007-05-19T19:12:16","modified_gmt":"2007-05-19T22:12:16","slug":"kalender-agenda-55","status":"publish","type":"post","link":"https:\/\/kunstinargentinien.com\/index.php\/2007\/03\/02\/kalender-agenda-55\/","title":{"rendered":"Kalender \/ Agenda"},"content":{"rendered":"<p><a href=\"http:\/\/kunstinargentinien.com\/index.php\/2007\/03\/02\/agenda-kalender-48\/\">Click aqu\u00ed para leer la versi\u00f3n en castellano.<\/a><\/p>\n<p><strong>Ausstellungs-Kalender 03.03.07-10.03.07<\/strong><\/p>\n<div align=center><img decoding=\"async\" id=\"image916\" src=\"http:\/\/kunstinargentinien.com\/wp-content\/uploads\/2007\/03\/sign.jpg\" alt=\"sign.jpg\" \/><br \/>\n<em>Lebenszeichen von Andrew Moszynski ab 8. M\u00e4rz bei Alberto Sendr\u00f3s.<\/em><\/div>\n<p><em><strong>Ausstellungszentren<\/strong><\/em><\/p>\n<ul>\n<li>MALBA (Museo de Arte Latinoamericano de Buenos Aires), Av. Figueroa Alcorta 3415 (Do-Mo und feiertags 12-20 Uhr, Di geschlossen, Mi bis 21 Uhr, Eintritt frei. An anderen Tagen: Eintritt 10 Pesos, Lehrer und \u00fcber 65-J\u00e4hrige 5 Pesos, Studenten, Kinder unter 12 Jahren und Behinderte gratis): \u201eAdquisiciones, donaciones y comodatos, Obras Malba-Colecci\u00f3n Costantini\u201c, Gem\u00e4lde, Objekte, Zeichnungen, Fotos, Filme, Videos und Dokumente, die neu vom Museum erworben wurden, und die Schenkungen und Leihgaben von 2006. Bis 19.3. \/ \u201eArte contempor\u00e1neo\u201c, zeitgen\u00f6ssische Kunst aus dem Museumsschatz, darunter Werke von Leo Battistelli, Fabi\u00e1n Burgos und Cristina Piffer (2004), und von Elba Bairon, Dino Bruzzone, Cristina Schiavi und Pablo Siquier (2005). Im \u201eContempor\u00e1neo\u201c-Saal. 19.1.-26.3. \/ \u201eDestination: Buenos Aires. New Argentine Design\u201c. 7.3.-April. Er\u00f6ffnung: 6.3., 19 Uhr. \/ Marta Minuj\u00edn. \u201eLos meses del a\u00f1o\u201c (Terrasse). 7.12.-September 2007. \/ Sergio Avello, \u201eVolumen\u201c (Explanade). 7.12.-September 2007.<\/li>\n<p><!--more--><\/p>\n<li>Centro Cultural Recoleta, Jun\u00edn 1930 (Di-Fr 14-21, Sa, So und feiertags 10-21 Uhr, Eintritt 1 Peso): Pablo Garber, \u201eNY NY &#8211; Not your New York\u201c. Prometeus-Saal. 18.1.-4.3. \/ Jos\u00e9 Luis Tu\u00f1\u00f3n, \u201eTrabajo de campo\u201c. Saal 6. 23.2.-18.3. \/ Emilio Torti, \u201eSobre la extensi\u00f3n de la vida\u201c. Saal 4. 23.2.-18.3. \/ \u201eCon otros ojos\u201c, Fotos von Lili Almog (Israel), Clarissa Borges (Brasilien), Jay Colton (USA), Luis Delgado (Mexiko), Gustavo Frittegotto (Argentinien), Federico Gama (Mexiko), Ansel Seale (USA) und P. Elaine Sharpe (Kanada). Kurator: Fernando Castro. Projektleiterin: Elda Harrington. Saal 12. 23.2.-18.3. \/ Donata Pizzi (Italien), \u201eCiudades metaf\u00edsicas\u201c, Fotos. Saal 10. Seit 23.2.<\/li>\n<li>Centro Cultural Borges, Viamonte\/San Mart\u00edn (Mo-Sa 11-21, So 12-21 Uhr; Eintritt 4 Pesos, Rentner und Studenten 2 Pesos): Sameer, Karim und Leila Makarius, Marion und Miguel Greiner, \u201eTres generaciones\u201c, Gem\u00e4lde, Graphiken und Fotos. 11.1.-4.3. \/ \u201eSeptiembre. D\u00eda por d\u00eda. Un diario visual colectivo por Internet\u201c, Fotos von Mois\u00e9s Castillo, Fernando de la Orden, Fernando Di Sisto, Nicol\u00e1s Faig, Manuel Fern\u00e1ndez, Carolina G\u00f3mez, Marina Gonz\u00e1lez Hueso, Soledad Gryciuk, Mateo Heras, Sergio Liste, Rosana Longinotti, Any Maneta, Daniel Merle, Luc\u00eda Merle, Consuelo Oppizzi, Artem Ovsyannikov, Natalia Zega. Koordination: Daniel Merle. 15.2.-4.3. \/ Carlos Alonso, \u201eLa guerra al mal\u00f3n\u201c, Tuschzeichnungen, Aquarelle und Collages. Saal 21, 2. Stock. Seit 1.3.<\/li>\n<li>Museo Nacional de Bellas Artes (MNBA), Av. del Libertador 1473 (Di-Fr 12.30-19.30, Sa und So 9.30-19.30 Uhr, Eintritt frei): Luc\u00eda Pacenza, \u201eDesde el Sur\u201c, Skulpturen. 15.11.-4.3. \/ Jos\u00e9 Manuel Ciria (Spanien), \u201eLa Epopeya de Gilgamesh\u201c, Gem\u00e4lde. 7.2.-18.3.<\/li>\n<li>FotoGaler\u00eda des Theaters San Mart\u00edn, Av. Corrientes 1530 (Mo-Fr ab 12 Uhr, samstags und sonntags ab 14 Uhr, bis zum Ende der Vorstellungen im Theater. Eintritt frei): Eduardo Longoni, \u201eViolencias. Argentina 1980-2003\u201c, Fotos. 1.2.-4.3.<\/li>\n<\/ul>\n<p><em><strong>Sonstige Ausstellungen<\/strong><\/em><\/p>\n<ul>\n<li>Gertrudis Chale (\u00d6sterreich), \u201eEl \u201eestar\u201c en Am\u00e9rica\u201c, Gem\u00e4lde. Museo de la Universidad Nacional Tres de Febrero, Valent\u00edn G\u00f3mez 4828\/38 (gegen\u00fcber der Zugstation), Caseros, Provinz Buenos Aires. Mo-Sa 11-20 Uhr. F\u00fchrungen samstags 15.30 Uhr. 25.10.-23.3.<\/li>\n<li>\u201eEl Final del Laberinto\u201c, Werke von Julia Mensch, Diego Haboba, Ignacio Valdez, Ariel Cusnir und Federico Zukerfeld. Kurator: Diego Perrotta. Galerie Empat\u00eda, Carlos Pellegrini 1255. Mo-Fr 11-20, Sa 10-13 Uhr. 11.1.-3.3.<\/li>\n<li>\u201ePremios Nacionales de Artes Visuales, adquisiciones y donaciones de la Fundaci\u00f3n OSDE\u201c. Werke von A. Aguiar, A. Asseff, R. Audicio, H. Aveta, A. Bancalari, C. Barrag\u00e1n, J. Benito, A. Bustos, M. Cabutti, M. Cort\u00e9s Alv\u00e1rez, M. Cusenza, S. Dahbar, M. D\u00e1vila, C. del R\u00edo, M. Di Girolamo, D. Dowek, N. Far\u00edas, S. Fasola, J. Flores, O. Fraticelli, C. Furque, J. Gamarra, V. Gericke, F. Gim\u00e9nez, A. Girardi, A. Giuliani, R. Gonz\u00e1lez, M. Grinberg, D. Gr\u00fcnstein, D. Guiot, M. Guiot, C. Herrera, C. Hopian, F. Imola, S. Kadiajh, S. Lacarra, F. Levy, F. Liguori, M. Lockett, M. L\u00f3pez, N. Martella, L. Marzoratti, A. Mazzieri, J. Midzraji, R. Mirabella, B. Moreira, Y. Najle, L. Nilo, A. Noya, D. Oberti, G. Olio, S. Olivera, R. Paturlanne, J. Paz, D. Perrotta, C. Piaggio, M. Piamonti, L. Pierotti, G. Pi\u00f1ero, S. Provecho, V. Quiroga, G. Repetto, Res, M. Ruesta, A. Sapia, M. Sapia, M. Schapiro, C. Segura, E. Strada, E. Stupia, A. Tavolini, R. Teves, M. Torreta, A. Uresberoeta Goitia, G. Valansi, I. Vega, J.A. Videla, M. Vilela, M. Villalonga und P. Zel. IMAGO &#8211; Espacio de Arte de la Fundaci\u00f3n OSDE, Suipacha 658. Mo-Fr 12-20, Sa u. So 12-19 Uhr. Eintritt frei. 13.2.-22.3.<\/li>\n<li>Lucila Portabales, \u201eT\u00fa y Joey\u201c, Fotos. Juana de Arco Casa de Arte, Costa Rica 4574, Klingel-Kn\u00f6pfe. 20.2.-12.3.<\/li>\n<li>Cynthia Cohen, \u201eYa Es Hora\u201c, Installation. Erste Intervention des Schaufensters im Rahmen des Zyklus \u201eTramando Espacio de Vidrieras 2007\u201c. Kurator: Mart\u00edn Churba. Tramando, Rodr\u00edguez Pe\u00f1a 1973. 21.2.-21.3.<\/li>\n<li>Le\u00f3n Ferrari, \u201eNUNCA M\u00c1S\u201c. Kurator: Alberto Giudici. Centro Cultural de la Cooperaci\u00f3n, Abraham Vigo-Saal, Av. Corrientes 1543. Mo-Sa 10-22 Uhr. 1.3.-24.3.<\/li>\n<li>\u201eSensaciones y sentimientos\u201c, Werke von Fern\u00e1ndez, Garc\u00eda Faure, Henderson. Kuratorin: Victoria Verlichak. Galer\u00eda Rubbers Internacional, Av. Alvear 1595. 1.3.-17.3.<\/li>\n<li>\u201eIdentidad Chicoana\u201c, Fotos von Ana Wernicke und Natacha Crespo. Casa de Salta en Buenos Aires, Av. Roque S. Pe\u00f1a 933. Mo-Fr 13-18 Uhr. 1.3.-15.3.<\/li>\n<li>In\u00e9s Alem Tardy, Wandteppiche (Saal 1), Luca Nocerino (Italien), Schmuck. Braque, Monroe 1996. Seit 1.3.<\/li>\n<li>\u201eSummer\u201c, Werke von Astorga, Avello, Bruzzone, Burgos, Esnoz, Joglar, Mi\u00f1o, Pastorino, Peralta, Seeber, Vilela. Dabbah Torrej\u00f3n, S\u00e1nchez de Bustamante 1187. Di-Fr 15-20 Uhr. Bis 31.3.<\/li>\n<li>\u201eLos Vinilos\u201c. Kurator: Henry Coleman, der momentan eine K\u00fcnstlerresidenz in El Basilisco macht. El Basilisco, Charlone 933, Avellaneda, Buenos Aires. Ge\u00f6ffnet Samstag und Sonntag, 3. und 4. M\u00e4rz, 16-20 Uhr.<\/li>\n<li>Mirta Narosky, \u201eIm\u00e1genes de la Ribera\/Riverside Images\u201c. El Conventillo Verde, Magallanes 890, La Boca. Mi-So 12-18 Uhr. Er\u00f6ffnung: 3.3., 17 Uhr. \u201eLa Narosky\u201c malt live am 10.3. um 17 Uhr. Bis 3.4.<\/li>\n<li>\u201eZIG\/ZAG &#8211; Sao Paulo 06 \/ Buenos Aires 07\u201c. Werke von Fernanda Amalfi, Silvana Blasbalg, Leila de Sarquis, Ana Erman, Zina Katz, Carla Rey, Coca Rodriguez Coelho und Maria Villares. Atica, Libertad 1240, PB 9. Mo-Fr 11-13 und 15-20, Sa 11-13.30 Uhr. Er\u00f6ffnung: 8.3., 19 Uhr. Bis 2.4.<\/li>\n<li>Juan Manuel Gavazzo Buchardo. Pabell\u00f3n de la Bellas Artes, UCA, Av. Alicia Moreau de Justo 1300, Puerto Madero. Er\u00f6ffnung: 8.3.<\/li>\n<li>Andrew Moszynski (USA), \u201eSignos de Vida\u201c. Alberto Sendr\u00f3s, Pasaje Tres Sargentos 359. Er\u00f6ffnung: 8.3., 19 Uhr. Bis 6.4.<\/li>\n<\/ul>\n","protected":false},"excerpt":{"rendered":"<p>Click aqu\u00ed para leer la versi\u00f3n en castellano. Ausstellungs-Kalender 03.03.07-10.03.07 Lebenszeichen von Andrew Moszynski ab 8. M\u00e4rz bei Alberto Sendr\u00f3s. Ausstellungszentren MALBA (Museo de Arte Latinoamericano de Buenos Aires), Av. Figueroa Alcorta 3415 (Do-Mo und feiertags 12-20 Uhr, Di geschlossen, Mi bis 21 Uhr, Eintritt frei. An anderen Tagen: Eintritt 10 Pesos, Lehrer und \u00fcber [&hellip;]<\/p>\n","protected":false},"author":1,"featured_media":0,"comment_status":"open","ping_status":"open","sticky":false,"template":"","format":"standard","meta":{"footnotes":""},"categories":[3],"tags":[],"class_list":["post-917","post","type-post","status-publish","format-standard","hentry","category-kalender-agenda"],"_links":{"self":[{"href":"https:\/\/kunstinargentinien.com\/index.php\/wp-json\/wp\/v2\/posts\/917","targetHints":{"allow":["GET"]}}],"collection":[{"href":"https:\/\/kunstinargentinien.com\/index.php\/wp-json\/wp\/v2\/posts"}],"about":[{"href":"https:\/\/kunstinargentinien.com\/index.php\/wp-json\/wp\/v2\/types\/post"}],"author":[{"embeddable":true,"href":"https:\/\/kunstinargentinien.com\/index.php\/wp-json\/wp\/v2\/users\/1"}],"replies":[{"embeddable":true,"href":"https:\/\/kunstinargentinien.com\/index.php\/wp-json\/wp\/v2\/comments?post=917"}],"version-history":[{"count":0,"href":"https:\/\/kunstinargentinien.com\/index.php\/wp-json\/wp\/v2\/posts\/917\/revisions"}],"wp:attachment":[{"href":"https:\/\/kunstinargentinien.com\/index.php\/wp-json\/wp\/v2\/media?parent=917"}],"wp:term":[{"taxonomy":"category","embeddable":true,"href":"https:\/\/kunstinargentinien.com\/index.php\/wp-json\/wp\/v2\/categories?post=917"},{"taxonomy":"post_tag","embeddable":true,"href":"https:\/\/kunstinargentinien.com\/index.php\/wp-json\/wp\/v2\/tags?post=917"}],"curies":[{"name":"wp","href":"https:\/\/api.w.org\/{rel}","templated":true}]}}