{"id":9178,"date":"2011-10-08T00:18:11","date_gmt":"2011-10-08T03:18:11","guid":{"rendered":"http:\/\/kunstinargentinien.com\/?p=9178"},"modified":"2011-10-12T14:52:41","modified_gmt":"2011-10-12T17:52:41","slug":"agenda-kalender-280","status":"publish","type":"post","link":"https:\/\/kunstinargentinien.com\/index.php\/2011\/10\/08\/agenda-kalender-280\/","title":{"rendered":"Agenda \/ Kalender"},"content":{"rendered":"<p><a href=\"http:\/\/kunstinargentinien.com\/index.php\/2011\/10\/08\/kalender-agenda-291\/\">Klicken Sie hier, um die deutsche Version zu lesen.<\/a><\/p>\n<p><strong>Agenda de Muestras 08\/10\/11-15\/10\/11<\/p>\n<p><em>Por Susanne Franz<\/em><\/strong><\/p>\n<p><a href=\"http:\/\/kunstinargentinien.com\/wp-content\/uploads\/2011\/10\/Tigre.jpg\"><img loading=\"lazy\" decoding=\"async\" src=\"http:\/\/kunstinargentinien.com\/wp-content\/uploads\/2011\/10\/Tigre.jpg\" alt=\"\" title=\"Tigre\" width=\"250\" height=\"166\" class=\"alignleft size-full wp-image-9181\" \/><\/a>Hoy, s\u00e1bado, 8 de Octubre, a las 12 horas, se inaugura en el Museo de Arte Tigre (Paseo Victorica 972, Tigre, Tel. 4512.4093\/4) la exposici\u00f3n &#8220;Miradas del Delta&#8221;, con obras de artistas vinculados al Tigre, entre ellos Miguel D&#8217;Arienzo (foto), Ferm\u00edn Egu\u00eda, Diana Aisenberg y H\u00e9ctor M\u00e9dici. La muestra estar\u00e1 integrada por pinturas, esculturas y fotograf\u00edas. La mayor\u00eda de sus autores residen o poseen talleres de producci\u00f3n en Tigre.<\/p>\n<p>Las muestras de la semana:<!--more--><\/p>\n<p><strong><em>Centros de exposiciones<\/em><\/strong><\/p>\n<ul>\n<li><a href=\"http:\/\/www.malba.org.ar\/web\/\">Malba<\/a> (Museo de Arte Latinoamericano de Buenos Aires), Av. Figueroa Alcorta 3415 (Jue-Lun y feriados 12-20 hs, Mi\u00e9 hasta 21 hs, Mar cerrado. Entrada 22 pesos, docentes, jubilados y estudiantes 11 pesos, menores de 5 a\u00f1os sin cargo. Mi\u00e9: Entrada 10 pesos, docentes y jubilados 5 pesos, estudiantes sin cargo): Carlos Cruz-Diez, &#8220;El color en el espacio y en el tiempo&#8221;. Salas 5 y 3 (2\u00b0 y 1\u00b0 piso). 21.09.-05.03.2012.<\/li>\n<li>Palais de Glace, Posadas 1725 (Mar-Vie 12-20, S\u00e1b y Dom 10-20 hs. Entrada libre y gratuita): 100\u00b0 Edici\u00f3n Sal\u00f3n Nacional de Artes Visuales &#8211; Pintura y Premios de todas las disciplinas. 21.09.-16.10.<\/li>\n<li>Centro Cultural Borges, Viamonte\/San Mart\u00edn (Lun-S\u00e1b 10-21, Dom y feriados 12-21 hs): &#8220;Francisco Toledo y el cuento del conejo y el coyote&#8221;. 14.09.-16.10.<\/li>\n<li><a href=\"http:\/\/centroculturalrecoleta.org\/ccr-sp\/\">Centro Cultural Recoleta<\/a>, Jun\u00edn 1930 (Lun-Vie 14-21, S\u00e1b, Dom y feriados 10-21 hs. Entrada libre): Juan Doffo, &#8220;El tiempo es otro r\u00edo&#8221;. Curador: Elio Kapszuk. Sala Cronopios. 30.09.-30.10.<\/li>\n<li>Museo Eduardo S\u00edvori, Av. Infanta Isabel 555, frente al puente del Rosedal de Palermo (Mar-Vie 12-20, S\u00e1b, Dom y feriados 10-20 hs. Entrada: $1. Mi\u00e9 y S\u00e1b gratis): &#8220;Grupo Nexo Escultura&#8221;, obras de Arturo Alvarez Lomba, Cristina Velo, Claudia Cerminaro, Constantina Iconomopulos, Sergio Quarttrocchi, Armando Ramaglia, Alfredo Mar\u00eda Williams. 17.09.-16.10. \/ &#8220;Premio de Escultura Alfredo Bigatti. 17.09.-16.10. \/ &#8220;La Mismidad en lo Simult\u00e1neo&#8221;, obras de Nora Iniesta, Alejandra Padilla, Fabiana Barreda, Beatriz Diment, Juan Burgos, Rafael Gonzales Moreno, Eduardo Capilla, Juan L\u00f3pez Mart\u00ednez, Gustavo Tal\u00f3n y Juan Coll Benegas. 01.10.-30.10. \/ Asunci\u00f3n Rodr\u00edguez, &#8220;Dos Obras&#8221;, fotos. Espacio Confiter\u00eda. 01.10.-04.12.<\/li>\n<li>Museo Casa de Yrurtia, O&#8217;Higgins 2390 (Mar-Vie 13-19, S\u00e1b y Dom 15-19 hs. Entrada: $ 5. Martes gratis): Dalmiro Sirabo, &#8220;Homenaje a Yrurtia&#8221;, escultura. Desde 16.08. \/ Luis Grosclaude, &#8220;P\u00e1jaro Geom\u00e9trico&#8221;, escultura. Alberca. Desde 16.08. \/ Francisco Hugo Freda, &#8220;Colores&#8221;, escultura. Jard\u00edn del Palo Borracho. Desde 16.08. \/ Gustavo Stocovaz, acuarelas miniformato. Sala XI. 18.09.-18.10. \/ Sondereguer, esculturas. Jard\u00edn de Esculturas. 18.09.-18.10. \/ Lil\u00ed Ess\u00e9s, &#8220;Reciclo&#8221;, instalaci\u00f3n. Paseo de la P\u00e9rgola. 18.09.-18.10.<\/li>\n<\/ul>\n<p><em><strong>Otras exposiciones<\/strong><\/em><\/p>\n<ul>\n<li>&#8220;Argentina y Alemania en el Caleidoscopio&#8221;, exposici\u00f3n de fotos de gran tama\u00f1o que muestran, de un modo colorido y l\u00fadico, algunos de los rasgos m\u00e1s caracter\u00edsticos de ambos pa\u00edses. <a href=\"http:\/\/www.buenos-aires.diplo.de\/Vertretung\/buenosaires\/es\/Startseite.html\">Embajada de Alemania<\/a>, sobre la calle Luis Mar\u00eda Campos entre Olleros y Gorostiaga. Desde 23.11.<\/li>\n<li>Ra\u00fal Farco, &#8220;En la piel del otro&#8221;, esculturas. Curador: Elio Kapszuk. &#8220;Paseo de las Esculturas&#8221;, Plaza Rub\u00e9n Dar\u00edo, Austria entre Av. del Libertador y Figueroa Alcorta. Desde 12.01.<\/li>\n<li>Graciela Sacco, &#8220;Tensi\u00f3n admisible&#8221;. <a href=\"http:\/\/www.parquedelamemoria.org.ar\/\">Parque de la Memoria<\/a>\/Monumento a las V\u00edctimas del Terrorismo de Estado, Sala PAyS, Av. Costanera Norte Rafael Obligado 6745. Lun-Vie 10-17, S\u00e1b y Dom 12-18 hs. Entrada libre. 20.08.-20.02.2012.<\/li>\n<li>&#8220;<a href=\"http:\/\/www.nuevovideoargentino.com.ar\/\">Nuevo Video Argentino<\/a>, segunda edici\u00f3n&#8221;, obras de Mateo Amaral, Patricio Larrambebere, Sebasti\u00e1n Pinciroli, Marcelo Galindo, Soledad Dahbar, Sebasti\u00e1n Elsinger, Leonello Zambon\/Azucena Losana. <a href=\"http:\/\/www.itau.com.ar\/SiteItau\/pages\/institucional\/itau_cultural.xhtml\">Espacio Itau Cultural<\/a>, Cerrito y Viamonte. Lun-Vie 10-19.30 hs. 24.08.-20.10.<\/li>\n<li>Norberto G\u00f3mez, &#8220;Obras 1967-2008&#8221;. Curadora: Ana Mar\u00eda Battistozzi. <a href=\"http:\/\/www.artefundacionosde.com.ar\/BO\/home.asp\">Espacio de Arte Fundaci\u00f3n Osde<\/a>, Suipacha 658, 1\u00b0. Lun-S\u00e1b 12-20 hs. 01.09.-29.10.<\/li>\n<li>&#8220;Encuentros &#8211; Que la l\u00ednea no se pierda&#8221;, obras de Hildegard Hahn, Andrea von L\u00fcdinghausen, Kirsten Mosel y Silvia Rudolf (Alemania), y Silvina Alfonzo, Sebasti\u00e1n Garbrecht, Carina Luebs, Melanie Mahler y Amalia P\u00e9rez Molek (Argentina). Curadoras: Kirsten Mosel y Amalia P\u00e9rez Molek. <a href=\"http:\/\/www.goethe.edu.ar\/\">Colegio Goethe<\/a>, Hall Germania, Reclus 2250, Boulogne. 06.09.-03.11.<\/li>\n<li>Jos\u00e9 Risso, &#8220;En silencio&#8221;, ensayo fotogr\u00e1fico. Curadora invitada: Alina Tortosa. <a href=\"http:\/\/www.cce.org.uy\/\">Centro Cultural de Espa\u00f1a Montevideo<\/a>, Rinc\u00f3n 629, Montevideo, Uruguay. Lun-Vie 11-19.30, S\u00e1b 11-17 hs. Entrada libre. 08.09.-15.10.<\/li>\n<li>Omar Panosetti, &#8220;Trabajo&#8221;, pinturas y acuarelas 2011. Museo Evita, Lafinur 2988. Mar-Dom 11-19 hs. 14.09.-13.10.<\/li>\n<li>Marcelo Vattuone, &#8220;Les oiseaux de passage&#8221;. Galer\u00eda Isabel Anchorena, Libertad 1389. 14.09.-17.10.<\/li>\n<li>C\u00e9sar L\u00f3pez Osornio, &#8220;Breve panorama&#8221;. <a href=\"http:\/\/www.galeriahoyenelarte.com.ar\/\">Hoy en el Arte<\/a>, Juncal 848. Lun-Vie 11-20, S\u00e1b 11-14 hs. 15.09.-15.10.<\/li>\n<li>Anank\u00e9 Asseff, &#8220;El miedo al viento&#8221;, instalaciones. En el marco del programa &#8220;Arte en la Torre&#8221;. Torre YPF, Macacha G\u00fcemes 515, PB, Puerto Madero. Lun-Vie 10-19 hs. Entrada libre y gratuita. 21.09.-25.11.<\/li>\n<li>Sebasti\u00e1n Gord\u00edn, &#8220;D\u00edas sin Episodios&#8221;. Sala Principal. \/ Max G\u00f3mez Canle, &#8220;Chambre mentale&#8221;. NuevoEspacio. Ruth Benzacar, Florida 1000. Lun-Vie 11.30-20 hs. 21.09.-11.11.<\/li>\n<li>Miguel Lescano, &#8220;Lima G\u00f3tica&#8221;. De Santi, Esmeralda 982. Lun-Vie 11-22 hs. 21.09.-21.10.<\/li>\n<li>Ernesto Neto, instalaci\u00f3n. <a href=\"http:\/\/www.faenaartscenter.org\/\">Faena Arts Center<\/a>, Bvd. Azucena Villaflor 460, Faena Arts District, Puerto Madero. Mar-Dom 11-19 hs. Lunes cerrado. Entrada $ 20, menores de 12 a\u00f1os, jubilados y estudiantes con acreditaci\u00f3n gratis. Visitas guiadas: Mar-Vie 17, S\u00e1b y Dom 17 y 18 hs. Desde 22.09.<\/li>\n<li>Irma Amato, grabados. Atica Galer\u00eda de Arte, Libertad 1240, PB &#8220;9&#8221;. Lun-Vie 11-13 y 15-20, S\u00e1b 11-13.30 hs. 27.09.-22.10.<\/li>\n<li>&#8220;Liniers en vivo&#8221;. <a href=\"http:\/\/www.elsidelrio.com.ar\/\">Elsi del Rio Arte Contempor\u00e1neo<\/a>, Humboldt 1510, Palermo Hollywood. Mar-Vie 14-20, S\u00e1b 11-15 hs. 28.09.-10.11.<\/li>\n<li>Bast\u00f3n D\u00edaz, Dora Isdatne, &#8220;in\/org\u00e1nico&#8221;. <a href=\"http:\/\/www.carlareyarte.com.ar\/\">Carla Rey Arte Contempor\u00e1neo<\/a>, Humboldt 1478, Palermo Hollywood. Lun-Vie 16-19 hs. 28.09.-06.11.<\/li>\n<li>Elena Nieves, &#8220;Susurros y resplandores&#8221;, pinturas. <a href=\"http:\/\/www.praxis-art.com\/\">Praxis International Art<\/a>, Arenales 1311. Lun-Vie 10.30-20, S\u00e1b 10.30-14 hs. 30.09.-26.10.<\/li>\n<li>Tulio De Sagastiz\u00e1bal, &#8220;Heter\u00f3nimos&#8221;, pinturas. <a href=\"http:\/\/www.rubbers.com.ar\/\">Galer\u00eda Rubbers Internacional<\/a>, Av. Alvear 1595. Lun-Vie 11-20, S\u00e1b 11-13.30 hs. 05.10.-29.10.<\/li>\n<li>&#8220;Pasiones\/Expansiones&#8221;, obras de Mar\u00eda Antolini, Toia Bonino, Sonia Neuburger. Curadora: Graciela Taquini. <a href=\"http:\/\/www.pasaje17.com\/\">Pasaje 17<\/a>, Bartolom\u00e9 Mitre 1559. 05.10.-02.11.<\/li>\n<li>Eugenia Calvo, &#8220;Serias limitaciones&#8221;, instalaci\u00f3n. Sala 1. \/ Florencia Levy, &#8220;El Baqueano&#8221;, video instalaci\u00f3n, fotos y dibujos. Salas 2 y 3. <a href=\"http:\/\/www.arte713.com\/?cId=650\">713 Arte Contempor\u00e1neo<\/a>, Defensa 713, San Telmo. Lun-Vie 14-20, S\u00e1b 14-18 hs. 06.10.-11.11.<\/li>\n<li>&#8220;Miradas del Delta&#8221;, obras de Miguel D&#8217;Arienzo, Ferm\u00edn Egu\u00eda, Diana Aisenberg, H\u00e9ctor M\u00e9dici, Fernando Fazzolari, Omar Estela, Eugenio Ram\u00edrez, Cristina Dartiguelongue, F\u00e9lix Rodr\u00edguez, Marcelo D\u00edaz, Javier Torres, y fotos de Richard Noguera y Marcelo Brodsky. Museo de Arte Tigre, Paseo Victorica 972, Tigre. Tel. 4512.4093\/4. Mi\u00e9-Vie 9-19, S\u00e1b, Dom y feriados 12-19 hs. Inauguraci\u00f3n: 08.10., 12 hs. Hasta 06.11.<\/li>\n<li>Leonel Luna, &#8220;El origen de los pueblos&#8221;, mural. Curador: Elio Kapszuk. En el marco del Programa &#8220;Murales por la Memoria&#8221;. Sindicatura General de la Naci\u00f3n, Espacio Multiarte, Av. Corrientes 381. Entrada libre y gratuita. Inauguraci\u00f3n: 12.10., 11.30-13.30 hs.<\/li>\n<li>&#8220;Variaciones&#8221;, obras de N\u00e9stor Andr\u00e9s, Florencia Cossarini, Esmeralda Laclau, M\u00f3nica Patelli, Mar\u00eda Elena Sanchez. Espacio Colegiales, Enrique Mart\u00ednez 916, Colegiales. Mar-Vie 16-20, S\u00e1b 11-13 hs. Inauguraci\u00f3n: 12.10. Hasta 20.10.<\/li>\n<li>Ernesto Riveiro, &#8220;Recuerdos de Constantinopla&#8221;. Van Riel, Juncal 790, PB. Lun-Vie 15-20 hs. Inauguraci\u00f3n: 13.10., 19 hs. Hasta 11.11.<\/li>\n<li>Camilo Guinot, &#8220;M\u00f3vil recurrente&#8221;. <a href=\"http:\/\/www.roart.com.ar\/\">RO Galer\u00eda de Arte<\/a>, Paran\u00e1 1158. Lun-Vie 14-20 hs. Inauguraci\u00f3n: 13.10., 19 hs. Hasta 14.11.<\/li>\n<li>Juan Carlos Diotti, Jorge Meijide, &#8220;Recorridos&#8221;. Centro Cultural Quinta Trabucco, Melo 3050, Florida. Mar-S\u00e1b 9-17.30, Dom 14-17.30 hs. Inauguraci\u00f3n: 15.10., 12 hs. Hasta 06.11.<\/li>\n<li>&#8220;Dioses, Ritos y Of\u00edcios del M\u00e9xico Prehisp\u00e1nico&#8221;. Curador: David Morales G\u00f3mez. Organizado por la Embajada de M\u00e9xico en Argentina. <a href=\"http:\/\/www.proa.org\/esp\/\">Fundaci\u00f3n Proa<\/a>, Av. Pedro de Mendoza 1929, La Boca. Inauguraci\u00f3n: 15.10., 17-21 hs.<\/li>\n<li>&#8220;H\u00e1bitat&#8221;, obras de Fabiana Barreda, Guido Ignatti, Ana Wingeyer. <a href=\"http:\/\/www.norafisch.com\/\">Nora Fisch Arte Contempor\u00e1neo<\/a>, G\u00fcemes 2967, PB. Mar-Vie 15-20 hs. Inauguraci\u00f3n: 15.10., 18 hs. Hasta 18.11.<\/li>\n<li>Mart\u00edn Bonadeo, &#8220;Bellico&#8221;. Curadora invitada: Alma Ruiz. Espacio Fundaci\u00f3n Telef\u00f3nica, Arenales 1540. Lun-S\u00e1b 15-20 hs. Inauguraci\u00f3n: 18.10., 19 hs. Visita guiada: 19.10., 18.30 hs.<\/li>\n<\/ul>\n","protected":false},"excerpt":{"rendered":"<p>Klicken Sie hier, um die deutsche Version zu lesen. Agenda de Muestras 08\/10\/11-15\/10\/11 Por Susanne Franz Hoy, s\u00e1bado, 8 de Octubre, a las 12 horas, se inaugura en el Museo de Arte Tigre (Paseo Victorica 972, Tigre, Tel. 4512.4093\/4) la exposici\u00f3n &#8220;Miradas del Delta&#8221;, con obras de artistas vinculados al Tigre, entre ellos Miguel D&#8217;Arienzo [&hellip;]<\/p>\n","protected":false},"author":1,"featured_media":0,"comment_status":"open","ping_status":"open","sticky":false,"template":"","format":"standard","meta":{"footnotes":""},"categories":[18],"tags":[],"class_list":["post-9178","post","type-post","status-publish","format-standard","hentry","category-agenda"],"_links":{"self":[{"href":"https:\/\/kunstinargentinien.com\/index.php\/wp-json\/wp\/v2\/posts\/9178","targetHints":{"allow":["GET"]}}],"collection":[{"href":"https:\/\/kunstinargentinien.com\/index.php\/wp-json\/wp\/v2\/posts"}],"about":[{"href":"https:\/\/kunstinargentinien.com\/index.php\/wp-json\/wp\/v2\/types\/post"}],"author":[{"embeddable":true,"href":"https:\/\/kunstinargentinien.com\/index.php\/wp-json\/wp\/v2\/users\/1"}],"replies":[{"embeddable":true,"href":"https:\/\/kunstinargentinien.com\/index.php\/wp-json\/wp\/v2\/comments?post=9178"}],"version-history":[{"count":19,"href":"https:\/\/kunstinargentinien.com\/index.php\/wp-json\/wp\/v2\/posts\/9178\/revisions"}],"predecessor-version":[{"id":9208,"href":"https:\/\/kunstinargentinien.com\/index.php\/wp-json\/wp\/v2\/posts\/9178\/revisions\/9208"}],"wp:attachment":[{"href":"https:\/\/kunstinargentinien.com\/index.php\/wp-json\/wp\/v2\/media?parent=9178"}],"wp:term":[{"taxonomy":"category","embeddable":true,"href":"https:\/\/kunstinargentinien.com\/index.php\/wp-json\/wp\/v2\/categories?post=9178"},{"taxonomy":"post_tag","embeddable":true,"href":"https:\/\/kunstinargentinien.com\/index.php\/wp-json\/wp\/v2\/tags?post=9178"}],"curies":[{"name":"wp","href":"https:\/\/api.w.org\/{rel}","templated":true}]}}