{"id":9186,"date":"2011-10-08T00:29:49","date_gmt":"2011-10-08T03:29:49","guid":{"rendered":"http:\/\/kunstinargentinien.com\/?p=9186"},"modified":"2011-10-12T14:54:15","modified_gmt":"2011-10-12T17:54:15","slug":"kalender-agenda-291","status":"publish","type":"post","link":"https:\/\/kunstinargentinien.com\/index.php\/2011\/10\/08\/kalender-agenda-291\/","title":{"rendered":"Kalender \/ Agenda"},"content":{"rendered":"<p><a href=\"http:\/\/kunstinargentinien.com\/index.php\/2011\/10\/08\/agenda-kalender-280\/\">Click aqu\u00ed para leer la versi\u00f3n en castellano.<\/a><\/p>\n<p><strong>Ausstellungskalender 08\/10\/11-15\/10\/11<\/p>\n<p><em>Von Susanne Franz<\/em><\/strong><\/p>\n<p><a href=\"http:\/\/kunstinargentinien.com\/wp-content\/uploads\/2011\/10\/Tigre.jpg\"><img loading=\"lazy\" decoding=\"async\" src=\"http:\/\/kunstinargentinien.com\/wp-content\/uploads\/2011\/10\/Tigre.jpg\" alt=\"\" title=\"Tigre\" width=\"250\" height=\"166\" class=\"alignleft size-full wp-image-9181\" \/><\/a>Am heutigen Samstag, dem 8. Oktober, um 12 Uhr, wird im Museo de Arte Tigre (Paseo Victorica 972, Tigre, Tel.: 4512.4093\/4 &#8211; bei schlechtem Wetter empfiehlt sich vielleicht ein Anruf) die Ausstellung &#8220;Miradas del Delta&#8221; er\u00f6ffnet, die Werke der verschiedener K\u00fcnstler umfasst, die mit dem Tigre-Delta in irgendeiner Weise verbunden sind, die entweder dort leben oder Ateliers haben, o.\u00e4. Unter ihnen befinden sich beispielsweise Miguel D&#8217;Arienzo (Foto), Ferm\u00edn Egu\u00eda, Diana Aisenberg und H\u00e9ctor M\u00e9dici.<\/p>\n<p>Die Ausstellungen der Woche:<!--more--><\/p>\n<p><strong><em>Ausstellungszentren<\/em><\/strong><\/p>\n<ul>\n<li><a href=\"http:\/\/www.malba.org.ar\/web\/\">Malba<\/a> (Museo de Arte Latinoamericano de Buenos Aires), Av. Figueroa Alcorta 3415 (Do-Mo und feiertags 12-20 Uhr, mittwochs bis 21 Uhr, dienstags geschlossen. Eintritt 22 Pesos, Lehrer, Rentner und Studenten 11 Pesos, unter 5-J\u00e4hrige gratis. Mittwochs: Eintritt 10 Pesos, Lehrer und Rentner 5 Pesos, Studenten gratis): Carlos Cruz-Diez, &#8220;El color en el espacio y en el tiempo&#8221;. S\u00e4le 5 und 3 (1. und 2. Stock). 21.9.-5.3.2012.<\/li>\n<li>Palais de Glace, Posadas 1725 (Di-Fr 12-20, Sa und So 10-20 Uhr. Eintritt frei): 100. Ausgabe des Nationalen Kunstsalons &#8211; Kategorie Gem\u00e4lde und Preistr\u00e4ger aller Disziplinen. 21.9.-16.10.<\/li>\n<li>Centro Cultural Borges, Viamonte\/San Mart\u00edn (Mo-Sa 10-21, So und feiertags 12-21 Uhr): &#8220;Francisco Toledo y el cuento del conejo y el coyote&#8221;. 14.9.-16.10.<\/li>\n<li><a href=\"http:\/\/centroculturalrecoleta.org\/ccr-sp\/\">Centro Cultural Recoleta<\/a>, Jun\u00edn 1930 (Mo-Fr 14-21, Sa, So und feiertags 10-21 Uhr. Eintritt frei): Juan Doffo, &#8220;El tiempo es otro r\u00edo&#8221;. Kurator: Elio Kapszuk. Cronopios-Saal. 30.9.-30.10.<\/li>\n<li>Museo Eduardo S\u00edvori, Av. Infanta Isabel 555, gegen\u00fcber der Br\u00fccke zum Rosedal von Palermo (Di-Fr 12-20, Sa, So und feiertags 10-20 Uhr. Eintritt 1 Peso, Mi und Sa gratis): &#8220;Grupo Nexo Escultura&#8221;, Skulpturen von Arturo Alvarez Lomba, Cristina Velo, Claudia Cerminaro, Constantina Iconomopulos, Sergio Quarttrocchi, Armando Ramaglia, Alfredo Mar\u00eda Williams. 17.9.-16.10. \/ &#8220;Premio de Escultura Alfredo Bigatti&#8221; (Alfredo Bigatti-Skulpturenpreis). 17.9.-16.10. \/ &#8220;La Mismidad en lo Simult\u00e1neo&#8221;, Werke von Nora Iniesta, Alejandra Padilla, Fabiana Barreda, Beatriz Diment, Juan Burgos, Rafael Gonzales Moreno, Eduardo Capilla, Juan L\u00f3pez Mart\u00ednez, Gustavo Tal\u00f3n und Juan Coll Benegas. 1.10.-30.10. \/ Asunci\u00f3n Rodr\u00edguez, &#8220;Dos Obras&#8221;, Fotos. &#8220;Espacio Confiter\u00eda&#8221;. 1.10.-4.12.<\/li>\n<li>Museo Casa de Yrurtia, O&#8217;Higgins 2390 (Di-Fr 13-19, Sa und So 15-19 Uhr. Eintritt: 5 Pesos. Dienstags gratis): Dalmiro Sirabo, &#8220;Homenaje a Yrurtia&#8221;, Skulptur. Seit 16.8. \/ Luis Grosclaude, &#8220;P\u00e1jaro Geom\u00e9trico&#8221;, Skulptur. Zisterne. Seit 16.8. \/ Francisco Hugo Freda, &#8220;Colores&#8221;,  Skulptur. &#8220;Jard\u00edn del Palo Borracho&#8221;. Seit 16.08. \/ Gustavo Stocovaz, Miniformat-Aquarelle. Saal XI. 18.9.-18.10. \/ Sondereguer, Skulpturen. &#8220;Jard\u00edn de Esculturas&#8221;. 18.9.-18.10. \/ Lil\u00ed Ess\u00e9s, &#8220;Reciclo&#8221;, Installation. Laubengang. 18.9.-18.10.<\/li>\n<\/ul>\n<p><em><strong>Sonstige Ausstellungen<\/strong><\/em><\/p>\n<ul>\n<li>&#8220;Argentina y Alemania en el Caleidoscopio&#8221; (Argentinien und Deutschland im Kaleidoskop), Ausstellung gro\u00dfformatiger Fotos, die auf bunte und spielerische Weise die spezifischen Eigenschaften beider Nationen thematisieren. <a href=\"http:\/\/www.buenos-aires.diplo.de\/Vertretung\/buenosaires\/es\/Startseite.html\">Deutsche Botschaft in Buenos Aires<\/a>, entlang der Stra\u00dfe Luis Mar\u00eda Campos zwischen Olleros und Gorostiaga. Seit 23.11.<\/li>\n<li>Ra\u00fal Farco, &#8220;En la piel del otro&#8221;, Skulpturen. Kurator: Elio Kapszuk. &#8220;Paseo de las Esculturas&#8221;, Rub\u00e9n Dar\u00edo-Platz, Austria zwischen Av. del Libertador und Figueroa Alcorta. Seit 12.1.<\/li>\n<li>Graciela Sacco, &#8220;Tensi\u00f3n admisible&#8221;. <a href=\"http:\/\/www.parquedelamemoria.org.ar\/\">Parque de la Memoria<\/a>\/Monumento a las V\u00edctimas del Terrorismo de Estado, PAyS-Saal, Av. Costanera Norte Rafael Obligado 6745. Mo-Fr 10-17, Sa und So 12-18 Uhr. Eintritt frei. 20.8.-20.2.2012.<\/li>\n<li>&#8220;<a href=\"http:\/\/www.nuevovideoargentino.com.ar\/\">Nuevo Video Argentino<\/a>&#8220;, 2. Ausgabe, Werke von Mateo Amaral, Patricio Larrambebere, Sebasti\u00e1n Pinciroli, Marcelo Galindo, Soledad Dahbar, Sebasti\u00e1n Elsinger, Leonello Zambon\/Azucena Losana. <a href=\"http:\/\/www.itau.com.ar\/SiteItau\/pages\/institucional\/itau_cultural.xhtml\">Espacio Itau Cultural<\/a>, Cerrito Ecke Viamonte. Mo-Fr 10-19.30 Uhr. 24.8.-20.10.<\/li>\n<li>Norberto G\u00f3mez, &#8220;Obras 1967-2008&#8221;. Kuratorin: Ana Mar\u00eda Battistozzi. <a href=\"http:\/\/www.artefundacionosde.com.ar\/BO\/home.asp\">Espacio de Arte Fundaci\u00f3n Osde<\/a>, Suipacha 658, 1. Stock. Mo-Sa 12-20 Uhr. 1.9.-29.10.<\/li>\n<li>&#8220;Encuentros &#8211; Que la l\u00ednea no se pierda&#8221;, Werke von Hildegard Hahn, Andrea von L\u00fcdinghausen, Kirsten Mosel und Silvia Rudolf (Deutschland), sowie Silvina Alfonzo, Sebasti\u00e1n Garbrecht, Carina Luebs, Melanie Mahler und Amalia P\u00e9rez Molek (Argentinien). Kuratorinnen: Kirsten Mosel und Amalia P\u00e9rez Molek. <a href=\"http:\/\/www.goethe.edu.ar\/\">Goethe-Schule<\/a>, Eingangshalle &#8220;Germania&#8221;, Reclus 2250, Boulogne, Prov. Buenos Aires. 6.9.-3.11.<\/li>\n<li>Jos\u00e9 Risso, &#8220;En silencio&#8221;, Foto-Essay. Gastkuratorin: Alina Tortosa. <a href=\"http:\/\/www.cce.org.uy\/\">Centro Cultural de Espa\u00f1a Montevideo<\/a>, Rinc\u00f3n 629, Montevideo, Uruguay. Mo-Fr 11-19.30, Sa 11-17 Uhr. Eintritt frei. 8.9.-15.10.<\/li>\n<li>Omar Panosetti, &#8220;Trabajo&#8221;, Gem\u00e4lde und Aquarelle 2011. Museo Evita, Lafinur 2988. Di-So 11-19 Uhr. 14.9.-13.10.<\/li>\n<li>Marcelo Vattuone, &#8220;Les oiseaux de passage&#8221;. Galer\u00eda Isabel Anchorena, Libertad 1389. 14.9.-17.10.<\/li>\n<li>C\u00e9sar L\u00f3pez Osornio, &#8220;Breve panorama&#8221;. <a href=\"http:\/\/www.galeriahoyenelarte.com.ar\/\">Hoy en el Arte<\/a>, Juncal 848. Mo-Fr 11-20, Sa 11-14 Uhr. 15.9.-15.10.<\/li>\n<li>Anank\u00e9 Asseff, &#8220;El miedo al viento&#8221;, Installationen. Im Rahmen des Zyklus &#8220;Arte en la Torre&#8221;. Torre YPF, Macacha G\u00fcemes 515, PB (Erdgeschoss), Puerto Madero. Mo-Fr 10-19 Uhr. Eintritt frei. 21.9.-25.11.<\/li>\n<li>Sebasti\u00e1n Gord\u00edn, &#8220;D\u00edas sin Episodios&#8221;. Hauptsaal. \/ Max G\u00f3mez Canle, &#8220;Chambre mentale&#8221;. &#8220;NuevoEspacio&#8221;. Ruth Benzacar, Florida 1000. Mo-Fr 11.30-20 Uhr. 21.9.-11.11.<\/li>\n<li>Miguel Lescano, &#8220;Lima G\u00f3tica&#8221;. De Santi, Esmeralda 982. Mo-Fr 11-22 Uhr. 21.9.-21.10.<\/li>\n<li>Ernesto Neto, Installation. <a href=\"http:\/\/www.faenaartscenter.org\/\">Faena Arts Center<\/a>, Bvd. Azucena Villaflor 460, Faena Arts District, Puerto Madero. Di-So 11-19 Uhr. Montags geschlossen. Eintritt 20 Pesos, unter 12-J\u00e4hrige und Rentner sowie Studenten mit Ausweis gratis. F\u00fchrungen: Di-Fr 17, Sa und So 17 und 18 Uhr. Seit 22.9.<\/li>\n<li>Irma Amato, Graphiken. Atica Galer\u00eda de Arte, Libertad 1240, PB (Erdgeschoss) &#8220;9&#8221;. Mo-Fr 11-13 und 15-20, Sa 11-13.30 Uhr. 27.9.-22.10.<\/li>\n<li>&#8220;Liniers en vivo&#8221;. <a href=\"http:\/\/www.elsidelrio.com.ar\/\">Elsi del Rio Arte Contempor\u00e1neo<\/a>, Humboldt 1510, Palermo Hollywood. Di-Fr 14-20, Sa 11-15 Uhr. 28.9.-10.11.<\/li>\n<li>Bast\u00f3n D\u00edaz, Dora Isdatne, &#8220;in\/org\u00e1nico&#8221;. <a href=\"http:\/\/www.carlareyarte.com.ar\/\">Carla Rey Arte Contempor\u00e1neo<\/a>, Humboldt 1478, Palermo Hollywood. Mo-Fr 16-19 Uhr. 28.9.-6.11.<\/li>\n<li>Elena Nieves, &#8220;Susurros y resplandores&#8221;, Gem\u00e4lde. <a href=\"http:\/\/www.praxis-art.com\/\">Praxis International Art<\/a>, Arenales 1311. Mo-Fr 10.30-20, Sa 10.30-14 Uhr. 30.9.-26.10.<\/li>\n<li>Tulio De Sagastiz\u00e1bal, &#8220;Heter\u00f3nimos&#8221;, Gem\u00e4lde. <a href=\"http:\/\/www.rubbers.com.ar\/\">Galer\u00eda Rubbers Internacional<\/a>, Av. Alvear 1595. Mo-Fr 11-20, Sa 11-13.30 Uhr. 5.10.-29.10.<\/li>\n<li>&#8220;Pasiones\/Expansiones&#8221;, Werke von Mar\u00eda Antolini, Toia Bonino, Sonia Neuburger. Kuratorin: Graciela Taquini. <a href=\"http:\/\/www.pasaje17.com\/\">Pasaje 17<\/a>, Bartolom\u00e9 Mitre 1559. 5.10.-2.11.<\/li>\n<li>Eugenia Calvo, &#8220;Serias limitaciones&#8221;, Installation. Saal 1. \/ Florencia Levy, &#8220;El Baqueano&#8221;, Video-Installation, Fotos und Zeichnungen. S\u00e4le 2 und 3. <a href=\"http:\/\/www.arte713.com\/?cId=650\">713 Arte Contempor\u00e1neo<\/a>, Defensa 713, San Telmo. Mo-Fr 14-20, Sa 14-18 Uhr. 6.10.-11.11.<\/li>\n<li>&#8220;Miradas del Delta&#8221;, Werke von Miguel D&#8217;Arienzo, Ferm\u00edn Egu\u00eda, Diana Aisenberg, H\u00e9ctor M\u00e9dici, Fernando Fazzolari, Omar Estela, Eugenio Ram\u00edrez, Cristina Dartiguelongue, F\u00e9lix Rodr\u00edguez, Marcelo D\u00edaz, Javier Torres, sowie Fotos von Richard Noguera und Marcelo Brodsky. Museo de Arte Tigre, Paseo Victorica 972, Tigre. Tel.: 4512.4093\/4. Mi-Fr 9-19, Sa, So und feiertags 12-19 Uhr. Er\u00f6ffnung: 8.10., 12 Uhr. Bis 6.11.<\/li>\n<li>Leonel Luna, &#8220;El origen de los pueblos&#8221;, Wandgem\u00e4lde. Kurator: Elio Kapszuk. Im Rahmen des Programms &#8220;Murales por la Memoria&#8221; (Wandmalereien f\u00fcr die Erinnerung). Sindicatura General de la Naci\u00f3n, Espacio Multiarte, Av. Corrientes 381. Eintritt frei. Er\u00f6ffnung: 12.10., 11.30-13.30 Uhr.<\/li>\n<li>&#8220;Variaciones&#8221;, Werke von N\u00e9stor Andr\u00e9s, Florencia Cossarini, Esmeralda Laclau, M\u00f3nica Patelli, Mar\u00eda Elena Sanchez. Espacio Colegiales, Enrique Mart\u00ednez 916, Colegiales. Di-Fr 16-20, Sa 11-13 Uhr. Er\u00f6ffnung: 12.10. Bis 20.10.<\/li>\n<li>Ernesto Riveiro, &#8220;Recuerdos de Constantinopla&#8221;. Van Riel, Juncal 790, PB (Erdgeschoss). Mo-Fr 15-20 Uhr. Er\u00f6ffnung: 13.10., 19 Uhr. Bis 11.11.<\/li>\n<li>Camilo Guinot, &#8220;M\u00f3vil recurrente&#8221;. <a href=\"http:\/\/www.roart.com.ar\/\">RO Galer\u00eda de Arte<\/a>, Paran\u00e1 1158. Mo-Fr 14-20 Uhr. Er\u00f6ffnung: 13.10., 19 Uhr. Bis 14.11.<\/li>\n<li>Juan Carlos Diotti, Jorge Meijide, &#8220;Recorridos&#8221;. Centro Cultural Quinta Trabucco, Melo 3050, Florida. Di-Sa 9-17.30, So 14-17.30 Uhr. Er\u00f6ffnung: 15.10., 12 Uhr. Bis 6.11.<\/li>\n<li>&#8220;Dioses, Ritos y Of\u00edcios del M\u00e9xico Prehisp\u00e1nico&#8221;. Kurator: David Morales G\u00f3mez. Organisiert von der Mexikanischen Botschaft in Argentinien. <a href=\"http:\/\/www.proa.org\/esp\/\">Fundaci\u00f3n Proa<\/a>, Av. Pedro de Mendoza 1929, La Boca. Er\u00f6ffnung: 15.10., 17-21 Uhr.<\/li>\n<li>&#8220;H\u00e1bitat&#8221;, Werke von Fabiana Barreda, Guido Ignatti, Ana Wingeyer. <a href=\"http:\/\/www.norafisch.com\/\">Nora Fisch Arte Contempor\u00e1neo<\/a>, G\u00fcemes 2967, PB (Erdgeschoss). Di-Fr 15-20 Uhr. Er\u00f6ffnung: 15.10., 18 Uhr. Bis 18.11.<\/li>\n<li>Mart\u00edn Bonadeo, &#8220;Bellico&#8221;. Gastkuratorin: Alma Ruiz. Espacio Fundaci\u00f3n Telef\u00f3nica, Arenales 1540. Mo-Sa 15-20 Uhr. Er\u00f6ffnung: 18.10., 19 Uhr. F\u00fchrung: 19.10., 18.30 Uhr.<\/li>\n<\/ul>\n","protected":false},"excerpt":{"rendered":"<p>Click aqu\u00ed para leer la versi\u00f3n en castellano. Ausstellungskalender 08\/10\/11-15\/10\/11 Von Susanne Franz Am heutigen Samstag, dem 8. Oktober, um 12 Uhr, wird im Museo de Arte Tigre (Paseo Victorica 972, Tigre, Tel.: 4512.4093\/4 &#8211; bei schlechtem Wetter empfiehlt sich vielleicht ein Anruf) die Ausstellung &#8220;Miradas del Delta&#8221; er\u00f6ffnet, die Werke der verschiedener K\u00fcnstler umfasst, [&hellip;]<\/p>\n","protected":false},"author":1,"featured_media":0,"comment_status":"open","ping_status":"open","sticky":false,"template":"","format":"standard","meta":{"footnotes":""},"categories":[3],"tags":[],"class_list":["post-9186","post","type-post","status-publish","format-standard","hentry","category-kalender-agenda"],"_links":{"self":[{"href":"https:\/\/kunstinargentinien.com\/index.php\/wp-json\/wp\/v2\/posts\/9186","targetHints":{"allow":["GET"]}}],"collection":[{"href":"https:\/\/kunstinargentinien.com\/index.php\/wp-json\/wp\/v2\/posts"}],"about":[{"href":"https:\/\/kunstinargentinien.com\/index.php\/wp-json\/wp\/v2\/types\/post"}],"author":[{"embeddable":true,"href":"https:\/\/kunstinargentinien.com\/index.php\/wp-json\/wp\/v2\/users\/1"}],"replies":[{"embeddable":true,"href":"https:\/\/kunstinargentinien.com\/index.php\/wp-json\/wp\/v2\/comments?post=9186"}],"version-history":[{"count":17,"href":"https:\/\/kunstinargentinien.com\/index.php\/wp-json\/wp\/v2\/posts\/9186\/revisions"}],"predecessor-version":[{"id":9210,"href":"https:\/\/kunstinargentinien.com\/index.php\/wp-json\/wp\/v2\/posts\/9186\/revisions\/9210"}],"wp:attachment":[{"href":"https:\/\/kunstinargentinien.com\/index.php\/wp-json\/wp\/v2\/media?parent=9186"}],"wp:term":[{"taxonomy":"category","embeddable":true,"href":"https:\/\/kunstinargentinien.com\/index.php\/wp-json\/wp\/v2\/categories?post=9186"},{"taxonomy":"post_tag","embeddable":true,"href":"https:\/\/kunstinargentinien.com\/index.php\/wp-json\/wp\/v2\/tags?post=9186"}],"curies":[{"name":"wp","href":"https:\/\/api.w.org\/{rel}","templated":true}]}}