{"id":927,"date":"2007-03-16T17:47:52","date_gmt":"2007-03-16T20:47:52","guid":{"rendered":"http:\/\/kunstinargentinien.com\/index.php\/2007\/03\/16\/kalender-agenda-57\/"},"modified":"2007-05-19T19:15:16","modified_gmt":"2007-05-19T22:15:16","slug":"kalender-agenda-57","status":"publish","type":"post","link":"https:\/\/kunstinargentinien.com\/index.php\/2007\/03\/16\/kalender-agenda-57\/","title":{"rendered":"Kalender \/ Agenda"},"content":{"rendered":"<p><a href=\"http:\/\/kunstinargentinien.com\/index.php\/2007\/03\/16\/agenda-kalender-50\/\">Click aqu\u00ed para leer la versi\u00f3n en castellano.<\/a><\/p>\n<p><strong>Ausstellungs-Kalender 17.03.07-24.03.07<\/strong><\/p>\n<div align=center><img decoding=\"async\" id=\"image942\" alt=Volpi2.jpg src=\"http:\/\/kunstinargentinien.com\/wp-content\/uploads\/2007\/03\/Volpi2.jpg\" \/><br \/>\n<em>Alfredo Volpi, \u201e50 Jahre Malerei\u201c, im MALBA.<\/em><\/div>\n<p><em><strong>Ausstellungszentren<\/strong><\/em><\/p>\n<ul>\n<li>MALBA (Museo de Arte Latinoamericano de Buenos Aires), Av. Figueroa Alcorta 3415 (Do-Mo und feiertags 12-20 Uhr, Di geschlossen, Mi bis 21 Uhr, Eintritt frei. An anderen Tagen: Eintritt 10 Pesos, Lehrer und \u00fcber 65-J\u00e4hrige 5 Pesos, Studenten, Kinder unter 12 Jahren und Behinderte gratis): \u201eAdquisiciones, donaciones y comodatos, Obras Malba-Colecci\u00f3n Costantini\u201c, Gem\u00e4lde, Objekte, Zeichnungen, Fotos, Filme, Videos und Dokumente, die neu vom Museum erworben wurden, und die Schenkungen und Leihgaben von 2006. Bis 19.3. \/ \u201eArte contempor\u00e1neo\u201c, zeitgen\u00f6ssische Kunst aus dem Museumsschatz, darunter Werke von Leo Battistelli, Fabi\u00e1n Burgos und Cristina Piffer (2004), und von Elba Bairon, Dino Bruzzone, Cristina Schiavi und Pablo Siquier (2005). Im \u201eContempor\u00e1neo\u201c-Saal. 19.1.-26.3. \/ \u201eDestination: Buenos Aires. New Argentine Design\u201c (Tiendamalba). 7.3.-April. \/ Alfredo Volpi (Brasilien), \u201e50 a\u00f1os de pintura\u201c. Kurator: Olivio Tavares de Ara\u00fajo. 16.3.-28.5. \/ Marta Minuj\u00edn. \u201eLos meses del a\u00f1o\u201c (Terrasse). 7.12.-September 2007. \/ Sergio Avello, \u201eVolumen\u201c (Explanade). 7.12.-September 2007. \/ David LaChapelle, \u201eHeaven to Hell &#8211; Bellezas y Desastres\u201c. Kuratorin: Eva Grinstein. 30.3.-21.5. Er\u00f6ffnung: 29.3., 19 Uhr.<\/li>\n<p><!--more--><\/p>\n<li>Centro Cultural Recoleta, Jun\u00edn 1930 (Di-Fr 14-21, Sa, So und feiertags 10-21 Uhr, Eintritt 1 Peso): Jos\u00e9 Luis Tu\u00f1\u00f3n, \u201eTrabajo de campo\u201c. Saal 6. 23.2.-18.3. \/ Emilio Torti, \u201eSobre la extensi\u00f3n de la vida\u201c. Saal 4. 23.2.-18.3. \/ \u201eCon otros ojos\u201c, Fotos von Lili Almog (Israel), Clarissa Borges (Brasilien), Jay Colton (USA), Luis Delgado (Mexiko), Gustavo Frittegotto (Argentinien), Federico Gama (Mexiko), Ansel Seale (USA) und P. Elaine Sharpe (Kanada). Kurator: Fernando Castro. Projektleiterin: Elda Harrington. Saal 12. 23.2.-18.3. \/ Donata Pizzi (Italien), \u201eCiudades metaf\u00edsicas\u201c, Fotos. Saal 10. Seit 23.2. \/ \u201eOff \/ F\u00f3ra\u201c, Werke der argentinischen, chilenischen und uruguayischen K\u00fcnstler, die im Jahr 2006 an der 29. Biennale von Pontevedra, Galizien, teilgenommen haben. Arbeiten von <a href=\"http:\/\/kunstinargentinien.com\/index.php\/2007\/03\/17\/ein-marchen-besonderer-art\/\">Eduardo Basualdo<\/a>, Luis Camnitzer, Aili Chen, Pablo Chiuminatto, Marina De Caro, Ana Gallardo, Nury Gonz\u00e1lez, Sebasti\u00e1n Gord\u00edn, Roberto Jacoby, Ricardo Lanzarini, Patricio Larrambebere, Esteban Pastorino, Mart\u00edn Sastre, Cecilia Vignolo, Judi Werthein, u.a. 8.3.-15.4.<\/li>\n<li>Centro Cultural Borges, Viamonte\/San Mart\u00edn (Mo-Sa 11-21, So 12-21 Uhr; Eintritt 4 Pesos, Rentner und Studenten 2 Pesos): Carlos Alonso, \u201eLa guerra al mal\u00f3n\u201c, Tuschzeichnungen, Aquarelle und Collages. Saal 21, 2. Stock. Seit 1.3. \/ \u201eElegancia Holandesa\u201c, avantgardistische Accessoires, entworfen von 40 holl\u00e4ndischen Designern. 8.3.-15.4. \/ \u201eDestroyers\u201c mit Ariel Cusnir, Fabio Rossi, Mercedes Cosci, Yanina Szalcowicz, Ana Vogelfang. Kuratorin: Daniela Luna. Im Zyklus \u201eBorges\/Contempor\u00e1neo\u201c. Erdgeschoss, Saal 9. Seit 15.3.<\/li>\n<li>Museo Nacional de Bellas Artes (MNBA), Av. del Libertador 1473 (Di-Fr 12.30-19.30, Sa und So 9.30-19.30 Uhr, Eintritt frei): Jos\u00e9 Manuel Ciria (Spanien), \u201eLa Epopeya de Gilgamesh\u201c, Gem\u00e4lde. 7.2.-18.3. \/ R\u00f3mulo Macci\u00f3, \u201eRetratos y lugares\u201c, Gem\u00e4lde. 8.3.-24.4.<\/li>\n<li>FotoGaler\u00eda des Theaters San Mart\u00edn, Av. Corrientes 1530 (Mo-Fr ab 12 Uhr, samstags und sonntags ab 14 Uhr, bis zum Ende der Vorstellungen im Theater. Eintritt frei): Ra\u00fal Cottone, \u201eCelebraci\u00f3n de la Tierra\u201c, Foto-Essay. Im 1. Stock der Eingangshalle \u201eHall Central Carlos Morel\u201c. 7.3.-13.5. \/ Byron Brauchli (USA, \u201eViva la Reyna de M\u00e9xico\u201c, Dokumentar-Serie. In der \u201eFotoGaler\u00eda\u201c. 7.3.-8.4.<\/li>\n<\/ul>\n<p><em><strong>Sonstige Ausstellungen<\/strong><\/em><\/p>\n<ul>\n<li>Gertrudis Chale (\u00d6sterreich), \u201eEl \u201eestar\u201c en Am\u00e9rica\u201c, Gem\u00e4lde. Museo de la Universidad Nacional Tres de Febrero, Valent\u00edn G\u00f3mez 4828\/38 (gegen\u00fcber der Zugstation), Caseros, Provinz Buenos Aires. Mo-Sa 11-20 Uhr. F\u00fchrungen samstags 15.30 Uhr. 25.10.-23.3.<\/li>\n<li>\u201ePremios Nacionales de Artes Visuales, adquisiciones y donaciones de la Fundaci\u00f3n OSDE\u201c. Werke von A. Aguiar, A. Asseff, R. Audicio, H. Aveta, A. Bancalari, C. Barrag\u00e1n, J. Benito, A. Bustos, M. Cabutti, M. Cort\u00e9s Alv\u00e1rez, M. Cusenza, S. Dahbar, M. D\u00e1vila, C. del R\u00edo, M. Di Girolamo, D. Dowek, N. Far\u00edas, S. Fasola, J. Flores, O. Fraticelli, C. Furque, J. Gamarra, V. Gericke, F. Gim\u00e9nez, A. Girardi, A. Giuliani, R. Gonz\u00e1lez, M. Grinberg, D. Gr\u00fcnstein, D. Guiot, M. Guiot, C. Herrera, C. Hopian, F. Imola, S. Kadiajh, S. Lacarra, F. Levy, F. Liguori, M. Lockett, M. L\u00f3pez, N. Martella, L. Marzoratti, A. Mazzieri, J. Midzraji, R. Mirabella, B. Moreira, Y. Najle, L. Nilo, A. Noya, D. Oberti, G. Olio, S. Olivera, R. Paturlanne, J. Paz, D. Perrotta, C. Piaggio, M. Piamonti, L. Pierotti, G. Pi\u00f1ero, S. Provecho, V. Quiroga, G. Repetto, Res, M. Ruesta, A. Sapia, M. Sapia, M. Schapiro, C. Segura, E. Strada, E. Stupia, A. Tavolini, R. Teves, M. Torreta, A. Uresberoeta Goitia, G. Valansi, I. Vega, J.A. Videla, M. Vilela, M. Villalonga und P. Zel. IMAGO &#8211; Espacio de Arte de la Fundaci\u00f3n OSDE, Suipacha 658. Mo-Fr 12-20, Sa u. So 12-19 Uhr. Eintritt frei. 13.2.-22.3.<\/li>\n<li>Cynthia Cohen, \u201eYa Es Hora\u201c, Installation. Erste Intervention des Schaufensters im Rahmen des Zyklus \u201eTramando Espacio de Vidrieras 2007\u201c. Kurator: Mart\u00edn Churba. Tramando, Rodr\u00edguez Pe\u00f1a 1973. 21.2.-21.3.<\/li>\n<li>Le\u00f3n Ferrari, \u201eNUNCA M\u00c1S\u201c. Kurator: Alberto Giudici. Centro Cultural de la Cooperaci\u00f3n, Abraham Vigo-Saal, Av. Corrientes 1543. Mo-Sa 10-22 Uhr. 1.3.-24.3.<\/li>\n<li>\u201eSensaciones y sentimientos\u201c, Werke von Fern\u00e1ndez, Garc\u00eda Faure, Henderson. Kuratorin: Victoria Verlichak. Galer\u00eda Rubbers Internacional, Av. Alvear 1595. 1.3.-17.3.<\/li>\n<li>Mirta Narosky, \u201eIm\u00e1genes de la Ribera\/Riverside Images\u201c. El Conventillo Verde, Magallanes 890, La Boca. Mi-So 12-18 Uhr. 3.3.-3.4.<\/li>\n<li>Ariel Garcia, Fotos von Patagonien (San Carlos de Bariloche, Pen\u00ednsula de Vald\u00e9s, El Bols\u00f3n und Umgebung). Museo Fotogr\u00e1fico Simik, Av. Federico Lacroze 3901. Eintritt frei. 7.3.-31.3.<\/li>\n<li>Ester Nazarian, Dolores May, \u201eFalsa Calma\u201c. Museo Mar\u00edtimo de Ushuaia, Yaganes s\/n, Ushuaia, Feuerland. 7.3.-23.3.<\/li>\n<li>\u201eZIG\/ZAG &#8211; Sao Paulo 06 \/ Buenos Aires 07\u201c. Werke von Fernanda Amalfi, Silvana Blasbalg, Leila de Sarquis, Ana Erman, Zina Katz, Carla Rey, Coca Rodriguez Coelho und Maria Villares. Atica, Libertad 1240, Erdgeschoss \u201e9\u201c. Mo-Fr 11-13 und 15-20, Sa 11-13.30 Uhr. 8.3.-2.4.<\/li>\n<li>Juan Manuel Gavazzo Buchardo, \u201eEcos del modernismo\u201c. Pabell\u00f3n de la Bellas Artes, UCA, Av. Alicia Moreau de Justo 1300, Puerto Madero. Seit 8.3.<\/li>\n<li>Andrew Moszynski (USA), \u201eSignos de Vida\u201c. Alberto Sendr\u00f3s, Pasaje Tres Sargentos 359. 8.3.-6.4.<\/li>\n<li>Juan Mel\u00e9, Graphiken. Mundo Nuevo Art Gallery, Av. Callao 1870, Erdgeschoss. Mo-Fr 11-19 Uhr. 12.3.-Ende April.<\/li>\n<li>Andr\u00e9s Sobrino (Saal 1), Sibyl Cohen (Saal 2), Alexa Horochowski (Saal 3), Gem\u00e4lde. Braga Men\u00e9ndez Arte Contempor\u00e1neo, Humboldt 1574. Mo-Fr 13-20, Sa 14-18 Uhr. Seit 13.3.<\/li>\n<li>Carolina Porral, \u201ePr\u00f3ximo\/Pr\u00f3jimo\u201c. RO Galer\u00eda de Arte, Paran\u00e1 1158. Mo-Fr 11-20 Uhr. Seit 14.3.<\/li>\n<li>Laura Asman, Gem\u00e4lde. Asociaci\u00f3n Cultural Pestalozzi, Freire 1882, Belgrano R. Di-Fr 14-19 Uhr. Seit 14.3.<\/li>\n<li>Luis Ricaurte, \u201eLookumi\u201c, Installation. \u201eCruce de Artes\u201c, Tunnel unter der Av. del Libertador H\u00f6he 3200, Ecke Av. Sarmiento (gegen\u00fcber dem Zoo von Buenos Aires). Mo-So 8-19 Uhr, Eintritt frei. 14.3.-22.4.<\/li>\n<li>\u201eCaballos\u201c, Werke von Jorge Alvaro, Febe Defelipe, Eduardo Iglesias Brickles, Claudia Melo, Diego Perrotta, Gabriel Sainz, Germ\u00e1n Wendel. Holz Galer\u00eda de Arte, Arroyo 862. Mo-Fr 10-20, Sa 10-14 Uhr. 14.3.-14.4.<\/li>\n<li>Jorge Mi\u00f1o, Gian Paolo Minelli, Patricia Pearson, Fotos. Ernesto Catena Fotograf\u00eda Contempor\u00e1nea, Honduras 4882, 1. Stock. 14.3.-21.4.<\/li>\n<li>Anatole Saderman, Fotos (Portr\u00e4ts und St\u00e4dtebilder). Vasari, Esmeralda 1357. 14.3.-20.4.<\/li>\n<li>Marga Steinwasser, \u201eSubterr\u00e1nea\u201c, Zeichnungen\/Installation. Elsi del R\u00edo Arte Contempor\u00e1neo, Ar\u00e9valo 1748, Palermo. Di-Fr 15-20, Sa 11-14 Uhr. 15.3.-21.4.<\/li>\n<li>Anah\u00ed Roitman, \u201eL\u00fadico\u201c. Isidro Miranda, Estados Unidos 726, San Telmo. Di-So 12-19 Uhr. 15.3.-12.4.<\/li>\n<li>\u201eProyecto Vidriera\u201c, Werke von Raquel Podest\u00e1. Kuratorin: Valeria Gonz\u00e1lez. Galer\u00eda Isidro Miranda, Estados Unidos 726, San Telmo. 15.3.-9.4.<\/li>\n<li>Fabiana Barreda, \u201eCartografia del deseo\u201c \/ Rosita Fumagalli, \u201eM\u00e1s que escrito\u201c. Agalma.arte, Libertad 1389. Mo-Fr 12-20, Sa 11-13.30 Uhr. 15.3.-4.4.<\/li>\n<li>Anabella Papa, \u201ePandillas de verano\u201c \/ Gustavo Marrone, \u201ePinturas Parlantes II\u201c. Appetite, Chacabuco 551. 16.3.-14.4.<\/li>\n<li>\u201eSummer\u201c, Werke von Astorga, Avello, Bruzzone, Burgos, Esnoz, Joglar, Mi\u00f1o, Pastorino, Peralta, Seeber, Vilela. Dabbah Torrej\u00f3n, S\u00e1nchez de Bustamante 1187. Di-Fr 15-20 Uhr. Bis 31.3.<\/li>\n<li>\u201eLI Sal\u00f3n de Artes Pl\u00e1sticas Manuel Belgrano\u201c. Museo de Artes Pl\u00e1sticas Eduardo S\u00edvori, Infanta Isabel 555. Er\u00f6ffnung: 17.3., 12 Uhr. Bis 20.5.<\/li>\n<li>\u201eArte Libertad 2007\u201c, Gemeinschaftsausstellung. Ausgesuchte Werke dieser Exposition werden an all den H\u00e4fen der Welt gezeigt, an denen das Marine-Schulschiff \u201eFragata Libertad\u201c w\u00e4hrend seiner diesj\u00e4hrigen, 38. Ausbildungsfahrt anlegt. \u201eBolsa de Comercio de Buenos Aires\u201c (Handelskammer von Buenos Aires), Eingangshalle, 25 de Mayo 359, Erdgeschoss. Mo-Fr 10-19 Uhr. Eintritt frei. 5.3.-30.3. Offizielle Er\u00f6ffnung: 19.3., 18.30 Uhr.<\/li>\n<li>Pilar Carballido, Gem\u00e4lde. Galer\u00eda Arroyo, Arroyo 834. Mo-Fr 11-20, Sa 11-13 Uhr. 19.3.-31.3. Er\u00f6ffnung: 19.3., 19-21 Uhr.<\/li>\n<li>In\u00e9s White, \u201eRecortes de Luz\u201c, Fotos \/ Alejandro Andriuolo, \u201eLa creaci\u00f3n, Dios o el Big Bang\u201c. Galer\u00eda Rubbers Internacional, Av. Alvear 1595. Er\u00f6ffnung: 20.3., 19 Uhr. Bis 7.4.<\/li>\n<li>\u201eHoy\u201c, Gemeinschaftsausstellung von Juana de Arco-K\u00fcnstlern. Juana de Arco, Costa Rica 4574, Klingel-Kn\u00f6pfe. Er\u00f6ffnung: 20.3., 19 Uhr.<\/li>\n<li>Vanina Prajs, \u201eMi casa\u201c, Tuschzeichnungen. Centro Cultural de la Cooperaci\u00f3n, Av. Corrientes 1543, Ra\u00fal Lozza-Saal, 2. Untergeschoss. Mo-Sa 10-22, So 17-20.30 Uhr. Er\u00f6ffnung: 20.3., 19 Uhr.<\/li>\n<li>Rafael Robles &#8211; Micky Garc\u00eda del R\u00edo, \u201ePinturas dibujadas\u201c &#8211; \u201eSuspiros de la tierra\u201c. Karina Paradiso Galeria de Arte, Av. del Libertador 4700, Erdgeschoss \u201eA\u201c. Mo-Do 14-20, Fr 16-22, Sa 11-17 Uhr. Er\u00f6ffnung: 20.3., 19 Uhr.<\/li>\n<li>Silvina D&#8217;Alessandro, \u201e\u00bfQu\u00e9 esper\u00e1s para tener tu Respaldo Incomfort?\u201c, Installation. In Zusammenarbeit mit Alejandra Urresti (Fotos). Kurator: Esteban Alvarez. CCEBA, Florida 943, \u201eEspacio Vidriera Exterior\u201c (Schaufenster zur Fu\u00dfg\u00e4ngerzone Florida). Er\u00f6ffnung: 20.3., 19 Uhr.<\/li>\n<li>\u201eBola de lodo\u201c, Ausstellung mit Gastk\u00fcnstlern, organisiert von der alternativen Kunstgalerie \u201eRosa Chancho\u201c (Julieta Garc\u00eda V\u00e1zquez, Tom\u00e1s Lerner, Mumi, Javier Villa und Os\u00edas Yanov). CCEBA, Florida 943. Er\u00f6ffnung: 20.3., 19 Uhr. Bis 20.4.<\/li>\n<li>\u201eNEGATEC\u201c, Werke Alfredo Jaar, CAE, Ingo G\u00fcnther, I\u00f1igo Manglano-Ovalle, Jenny Perlin, Liza McConnell, Martina Fischer, Mika Rottenberg, Roberto Jacoby, Syd Krochmalny, Wim Delvoye, Yes Men, u.a. Kurator: Luis Camnitzer. Co-Kuratorin: Patricia Hakim. Espacio Fundaci\u00f3n Telef\u00f3nica, Arenales 1540. Di-So 14-20 Uhr. Er\u00f6ffnung: 20.3., 19 Uhr. Bis 27.5.<\/li>\n<li>Lil\u00ed Ess\u00e9s, \u201eCacerolazos ecos l\u00f3gicos\u201c, Installationen, Gem\u00e4lde und \u201ecacerolas\u201c (Kocht\u00f6pfe, in Argentinien Symbole des Protests). Transarte Galer\u00eda, Cochabamba 360. Mo-Fr 14-20 Uhr. Er\u00f6ffnung: 21.3., 19 Uhr. Bis 10.4.<\/li>\n<li>Enrique Burone Risso, \u201eBuenos Aires horizontal y vertical\u201c. Zurbar\u00e1n, Cerrito 1522. Er\u00f6ffnung: 21.3., 19-22 Uhr.<\/li>\n<li>Mart\u00edn Blaszko, Collages, Zeichnungen, Skulpturen und Mischtechniken. Insight Arte, Av. Callao 1777, Erdgeschoss. Mo-Fr 10-20, Sa 10-13 Uhr. Er\u00f6ffnung: 22.3., 19 Uhr. Bis 14.4.<\/li>\n<li>\u201eBIENALFINDELMUNDO Ushuaia\u201c &#8211; 1. Biennale Zeitgen\u00f6ssischer Kunst. 29.3.-29.4. Er\u00f6ffnung: 30.3., 19 Uhr, in der \u201eCasa de la Cultura de Ushuaia\u201c, Nin\u00ed Marshall-Saal, Malvinas Argentinas 265, Ushuaia, Prov. Feuerland.<\/li>\n<\/ul>\n","protected":false},"excerpt":{"rendered":"<p>Click aqu\u00ed para leer la versi\u00f3n en castellano. Ausstellungs-Kalender 17.03.07-24.03.07 Alfredo Volpi, \u201e50 Jahre Malerei\u201c, im MALBA. Ausstellungszentren MALBA (Museo de Arte Latinoamericano de Buenos Aires), Av. Figueroa Alcorta 3415 (Do-Mo und feiertags 12-20 Uhr, Di geschlossen, Mi bis 21 Uhr, Eintritt frei. An anderen Tagen: Eintritt 10 Pesos, Lehrer und \u00fcber 65-J\u00e4hrige 5 Pesos, [&hellip;]<\/p>\n","protected":false},"author":1,"featured_media":0,"comment_status":"open","ping_status":"open","sticky":false,"template":"","format":"standard","meta":{"footnotes":""},"categories":[3],"tags":[],"class_list":["post-927","post","type-post","status-publish","format-standard","hentry","category-kalender-agenda"],"_links":{"self":[{"href":"https:\/\/kunstinargentinien.com\/index.php\/wp-json\/wp\/v2\/posts\/927","targetHints":{"allow":["GET"]}}],"collection":[{"href":"https:\/\/kunstinargentinien.com\/index.php\/wp-json\/wp\/v2\/posts"}],"about":[{"href":"https:\/\/kunstinargentinien.com\/index.php\/wp-json\/wp\/v2\/types\/post"}],"author":[{"embeddable":true,"href":"https:\/\/kunstinargentinien.com\/index.php\/wp-json\/wp\/v2\/users\/1"}],"replies":[{"embeddable":true,"href":"https:\/\/kunstinargentinien.com\/index.php\/wp-json\/wp\/v2\/comments?post=927"}],"version-history":[{"count":0,"href":"https:\/\/kunstinargentinien.com\/index.php\/wp-json\/wp\/v2\/posts\/927\/revisions"}],"wp:attachment":[{"href":"https:\/\/kunstinargentinien.com\/index.php\/wp-json\/wp\/v2\/media?parent=927"}],"wp:term":[{"taxonomy":"category","embeddable":true,"href":"https:\/\/kunstinargentinien.com\/index.php\/wp-json\/wp\/v2\/categories?post=927"},{"taxonomy":"post_tag","embeddable":true,"href":"https:\/\/kunstinargentinien.com\/index.php\/wp-json\/wp\/v2\/tags?post=927"}],"curies":[{"name":"wp","href":"https:\/\/api.w.org\/{rel}","templated":true}]}}