{"id":9439,"date":"2011-11-02T13:09:30","date_gmt":"2011-11-02T16:09:30","guid":{"rendered":"http:\/\/kunstinargentinien.com\/?p=9439"},"modified":"2011-11-02T13:11:52","modified_gmt":"2011-11-02T16:11:52","slug":"un-aleman-en-mexico","status":"publish","type":"post","link":"https:\/\/kunstinargentinien.com\/index.php\/2011\/11\/02\/un-aleman-en-mexico\/","title":{"rendered":"Un alem\u00e1n en M\u00e9xico"},"content":{"rendered":"<p><strong>&#8220;Franz Mayer. Fotograf\u00edas&#8221; en el Museo de Arte Hispanoamericano &#8220;Isaac Fernandez Blanco&#8221;<\/strong><\/p>\n<p><a href=\"http:\/\/kunstinargentinien.com\/wp-content\/uploads\/2011\/11\/mayer11.jpg\"><img loading=\"lazy\" decoding=\"async\" src=\"http:\/\/kunstinargentinien.com\/wp-content\/uploads\/2011\/11\/mayer11.jpg\" alt=\"\" title=\"mayer11\" width=\"233\" height=\"299\" class=\"alignleft size-full wp-image-9440\" \/><\/a>En el marco de la Celebraci\u00f3n Mexicana del D\u00eda de Muertos 2011, se inaugurar\u00e1 hoy, 2 de noviembre, a las 18.30 hs, la exposici\u00f3n temporaria &#8220;Franz Mayer, Fotograf\u00edas. Colecci\u00f3n Museo Franz Mayer &#8211; Ciudad de M\u00e9xico&#8221;.<\/p>\n<p>El ciclo de exposiciones fotogr\u00e1ficas del Museo de Arte Hispanoamericano &#8220;Isaac Fernandez Blanco&#8221; dedica sus esfuerzos a la difusi\u00f3n de la obra de los grandes fot\u00f3grafos americanos y de los artistas viajeros que han aportado su peculiar visi\u00f3n al imaginario visual del continente. En esta oportunidad se presentan 57 fotograf\u00edas tomadas por Franz Mayer y seleccionadas del importante cuerpo de im\u00e1genes que atesora el Museo hom\u00f3nimo de la Ciudad de M\u00e9xico. La exposici\u00f3n, curada por Leila Makarius, Jorge Cometti y H\u00e9ctor Borrel, se constituye en la primera actividad que desarrollar\u00e1n los Museos organizadores, en el marco de la pol\u00edtica de hermanamiento que desarrollar\u00e1n ambas instituciones -El Museo Fern\u00e1ndez Blanco de la ciudad de Buenos Aires y el Museo Franz Mayer de la Ciudad de M\u00e9xico- destinado a cooperar mutuamente en la difusi\u00f3n de sus acervos art\u00edsticos, en el intercambio t\u00e9cnico y profesional y en la promoci\u00f3n de sus programas culturales, actividad a la que ha sido tambi\u00e9n invitado a participar el Museo Nacional del Virreinato de Tepotzotl\u00e1n.<!--more--><\/p>\n<p>Franz Mayer naci\u00f3 en Manheim, Alemania, el 3 de septiembre 1882. Siendo a\u00fan muy joven, apenas con 19 a\u00f1os, dej\u00f3 su pa\u00eds natal para vivir en Londres, Inglaterra. El 24 de marzo de 1905 sali\u00f3 del puerto de Dover en Inglaterra en el barco Prinz Joachim, con rumbo al puerto de Veracruz, M\u00e9xico, donde lleg\u00f3 en un momento hist\u00f3rico id\u00f3neo para los extranjeros, pues el gobierno del Presidente Porfirio D\u00edaz promov\u00eda la migraci\u00f3n extranjera, especialmente de ciudadanos ingleses, alemanes y franceses. Durante tres a\u00f1os, trabaj\u00f3 como corredor de bolsa para una empresa privada, pero fue el 26 de julio de 1908 que compr\u00f3 un asiento en la Bolsa Mexicana de Valores, para laborar de manera independiente, acrecentando de manera considerable su fortuna. A mediados de 1919 realiz\u00f3 una compra clave para la formaci\u00f3n de su colecci\u00f3n, 1400 azulejos antiguos. Por otra parte, el 16 de Octubre de 1920, contrajo matrimonio con Mar\u00eda Antonia de la Macorra, y ese mismo a\u00f1o la sociedad Cient\u00edfica Antonio \u00c1lzate lo reconoci\u00f3 como miembro titular. Tres a\u00f1os despu\u00e9s, en 1923, su madre le envi\u00f3 desde Alemania una pareja de perros Rottweiler, para comenzar con ellos su gran lista de mascotas, a las cuales siempre les profiri\u00f3 un gran amor y cuidado. Ese a\u00f1o, se considera, dio inicio su compilaci\u00f3n de artes decorativas, que deriv\u00f3 con el paso del tiempo en una gran colecci\u00f3n, principalmente de obras novohispanas, mexicanas y espa\u00f1olas. <\/p>\n<p>El se\u00f1or Franz Mayer durante muchos a\u00f1os disfrut\u00f3 de los deportes extremos, sin embargo en 1927, por problemas de salud, tuvo que abandonarlos, dedic\u00e1ndose por ello completamente a la fotograf\u00eda. Afici\u00f3n que a la llegada de los a\u00f1os 40 tuvo que abandonar ya que comentaba &#8220;para tomar fotograf\u00edas es necesario viajar por todo el pa\u00eds, preferiblemente a pie y esto ya no lo hago&#8221;.<\/p>\n<p>En 1928 y tras ocho a\u00f1os de matrimonio, la esposa de Franz Mayer falleci\u00f3 en Munich, Alemania, sin haber tenido descendencia. Aunado a la muerte de su esposa, los sucesos en Alemania, es decir, la toma de poder del partido nacionalsocialista con Hitler al frente y 28 a\u00f1os de vida en M\u00e9xico, Franz Mayer se nacionaliz\u00f3 mexicano el 29 de diciembre de 1933, evitando de esta manera la expropiaci\u00f3n de sus bienes, por el gobierno alem\u00e1n y la intervenci\u00f3n de los mismos por el gobierno mexicano, dado el ingreso de M\u00e9xico a la Segunda Guerra Mundial.<\/p>\n<p>En el a\u00f1o 1937 inici\u00f3 una nueva compa\u00f1\u00eda, Cr\u00e9dito Burs\u00e1til S.A., y fue considerado miembro de la National Geographic Society en Washington, sin embargo no pasar\u00eda mucho tiempo (un a\u00f1o) antes de que vendiera su compa\u00f1\u00eda al Banco Nacional de M\u00e9xico. La Secretar\u00eda de Agricultura y Fomento de M\u00e9xico, en 1941, le reconoci\u00f3 por su contribuci\u00f3n al estudio de las orqu\u00eddeas mexicanas en colaboraci\u00f3n con el Museo Bot\u00e1nico de Harvard University of Cambridge, y en ese mismo a\u00f1o, el 8 de junio constituy\u00f3 la empresa Inversiones Burs\u00e1tiles S.A. Tras una exitosa carrera, se retir\u00f3 como corredor de bolsa en junio de 1945, en ese a\u00f1o cre\u00f3 un fideicomiso en el Banco de M\u00e9xico y design\u00f3 a los integrantes de su Comit\u00e9 T\u00e9cnico o Patronato para que a su muerte, concretaran su sue\u00f1o de establecer un museo de arte en la ciudad de M\u00e9xico.<\/p>\n<p>El 25 de junio de 1975 muri\u00f3 en su casa de la ciudad de M\u00e9xico a los 93 a\u00f1os. Su colecci\u00f3n particular y su fortuna, permiti\u00f3 que 11 a\u00f1os despu\u00e9s, en 1986, el Museo Franz Mayer, abriera definitivamente sus puertas al p\u00fablico.<\/p>\n<ul>\n<li>Franz Mayer (1882-1975), Fotograf\u00edas de la Colecci\u00f3n del Museo Franz Mayer, M\u00e9xico DF. En el marco de la Celebraci\u00f3n Mexicana del D\u00eda de Muertos 2011. Curadores: Leila Makarius, H\u00e9ctor Borrel, Jorge Cometti. Museo de Arte Hispanoamericano &#8220;Isaac Fernandez Blanco&#8221;, Suipacha 1422. Mar-Vie 14-19, S\u00e1b, Dom y feriados 11-19 hs. Entrada General: $ 1.-, Jue gratis. Inauguraci\u00f3n: 02.11., 18.30 hs. Hasta 08.01.2012.<\/li>\n<\/ul>\n","protected":false},"excerpt":{"rendered":"<p>&#8220;Franz Mayer. Fotograf\u00edas&#8221; en el Museo de Arte Hispanoamericano &#8220;Isaac Fernandez Blanco&#8221; En el marco de la Celebraci\u00f3n Mexicana del D\u00eda de Muertos 2011, se inaugurar\u00e1 hoy, 2 de noviembre, a las 18.30 hs, la exposici\u00f3n temporaria &#8220;Franz Mayer, Fotograf\u00edas. Colecci\u00f3n Museo Franz Mayer &#8211; Ciudad de M\u00e9xico&#8221;. El ciclo de exposiciones fotogr\u00e1ficas del Museo [&hellip;]<\/p>\n","protected":false},"author":1,"featured_media":0,"comment_status":"open","ping_status":"open","sticky":false,"template":"","format":"standard","meta":{"footnotes":""},"categories":[4],"tags":[],"class_list":["post-9439","post","type-post","status-publish","format-standard","hentry","category-tipp-der-woche-recomendacion-de-la-semana"],"_links":{"self":[{"href":"https:\/\/kunstinargentinien.com\/index.php\/wp-json\/wp\/v2\/posts\/9439","targetHints":{"allow":["GET"]}}],"collection":[{"href":"https:\/\/kunstinargentinien.com\/index.php\/wp-json\/wp\/v2\/posts"}],"about":[{"href":"https:\/\/kunstinargentinien.com\/index.php\/wp-json\/wp\/v2\/types\/post"}],"author":[{"embeddable":true,"href":"https:\/\/kunstinargentinien.com\/index.php\/wp-json\/wp\/v2\/users\/1"}],"replies":[{"embeddable":true,"href":"https:\/\/kunstinargentinien.com\/index.php\/wp-json\/wp\/v2\/comments?post=9439"}],"version-history":[{"count":5,"href":"https:\/\/kunstinargentinien.com\/index.php\/wp-json\/wp\/v2\/posts\/9439\/revisions"}],"predecessor-version":[{"id":9444,"href":"https:\/\/kunstinargentinien.com\/index.php\/wp-json\/wp\/v2\/posts\/9439\/revisions\/9444"}],"wp:attachment":[{"href":"https:\/\/kunstinargentinien.com\/index.php\/wp-json\/wp\/v2\/media?parent=9439"}],"wp:term":[{"taxonomy":"category","embeddable":true,"href":"https:\/\/kunstinargentinien.com\/index.php\/wp-json\/wp\/v2\/categories?post=9439"},{"taxonomy":"post_tag","embeddable":true,"href":"https:\/\/kunstinargentinien.com\/index.php\/wp-json\/wp\/v2\/tags?post=9439"}],"curies":[{"name":"wp","href":"https:\/\/api.w.org\/{rel}","templated":true}]}}