{"id":9652,"date":"2011-11-14T13:25:17","date_gmt":"2011-11-14T16:25:17","guid":{"rendered":"http:\/\/kunstinargentinien.com\/?p=9652"},"modified":"2011-11-13T11:58:00","modified_gmt":"2011-11-13T14:58:00","slug":"gespitzte-ohren","status":"publish","type":"post","link":"https:\/\/kunstinargentinien.com\/index.php\/2011\/11\/14\/gespitzte-ohren\/","title":{"rendered":"Ohren gespitzt"},"content":{"rendered":"<p><strong>Zeitgen\u00f6ssisches Musiktheater &#8220;Hellh\u00f6rig&#8221; von Carola Bauckholt und Vorstellung des Buches &#8220;Palimpsestos&#8221; \u00fcber Mauricio Kagel<\/strong><\/p>\n<p><a href=\"http:\/\/kunstinargentinien.com\/wp-content\/uploads\/2011\/11\/hellhoerig.jpg\"><img loading=\"lazy\" decoding=\"async\" src=\"http:\/\/kunstinargentinien.com\/wp-content\/uploads\/2011\/11\/hellhoerig.jpg\" alt=\"\" title=\"hellhoerig\" width=\"250\" height=\"167\" class=\"alignleft size-full wp-image-9653\" \/><\/a>Am 15. und 16. November, jeweils um 20.30 Uhr, wird im Teatro San Mart\u00edn (Av. Corrientes 1530) im Rahmen des 15. Zyklus Zeitgen\u00f6ssischer Musik des <a href=\"http:\/\/www.teatrosanmartin.com.ar\/\">Teatro San Mart\u00edn<\/a> mit Unterst\u00fctzung des <a href=\"http:\/\/www.goethe.de\/ins\/ar\/bue\/esindex.htm\">Goethe-Instituts<\/a> die zeitgen\u00f6ssische Oper &#8220;Hellh\u00f6rig&#8221; (A Keen Ear\/El o\u00eddo despierto) der deutschen Komponistin Carola Bauckholt aufgef\u00fchrt, einer Sch\u00fclerin Mauricio Kagels. Das St\u00fcck f\u00fcr drei S\u00e4nger, ein Cellisten-Trio, Klavier und ein Schlagquartett wird vom Cellisten-Trio Blu (Deutschland), dem Schlagquartett K\u00f6ln sowie den S\u00e4ngern Sylvia Nopper, Truike van der Poel und Matias Horne aufgef\u00fchrt. Beteiligt sind auch die Argentinierinnen Helena Bugallo (Klavier) und Erika O\u00f1a (Regie).<\/p>\n<p>Am 15. November um 19 Uhr hat man dar\u00fcber hinaus Gelegenheit, einer Gespr\u00e4chsrunde mit Carola Bauckholt \u00fcber ihre Erlebnisse als Sch\u00fclerin Mauricio Kagels beizuwohnen, in deren Rahmen das bei Caja Negra erschienene Buch &#8220;Palimpsestos&#8221; mit Essays, Konferenzen und Gespr\u00e4chen \u00fcber und mit Mauricio Kagel vorgestellt wird. Durch das Gespr\u00e4ch f\u00fchren der Kritiker Pablo Gianera, der Komponist Mart\u00edn Liut und &#8220;Palimpsestos&#8221;-Herausgeberin Carla Imbrogno.<\/p>\n","protected":false},"excerpt":{"rendered":"<p>Zeitgen\u00f6ssisches Musiktheater &#8220;Hellh\u00f6rig&#8221; von Carola Bauckholt und Vorstellung des Buches &#8220;Palimpsestos&#8221; \u00fcber Mauricio Kagel Am 15. und 16. November, jeweils um 20.30 Uhr, wird im Teatro San Mart\u00edn (Av. Corrientes 1530) im Rahmen des 15. Zyklus Zeitgen\u00f6ssischer Musik des Teatro San Mart\u00edn mit Unterst\u00fctzung des Goethe-Instituts die zeitgen\u00f6ssische Oper &#8220;Hellh\u00f6rig&#8221; (A Keen Ear\/El o\u00eddo despierto) [&hellip;]<\/p>\n","protected":false},"author":1,"featured_media":0,"comment_status":"open","ping_status":"open","sticky":false,"template":"","format":"standard","meta":{"footnotes":""},"categories":[4],"tags":[],"class_list":["post-9652","post","type-post","status-publish","format-standard","hentry","category-tipp-der-woche-recomendacion-de-la-semana"],"_links":{"self":[{"href":"https:\/\/kunstinargentinien.com\/index.php\/wp-json\/wp\/v2\/posts\/9652","targetHints":{"allow":["GET"]}}],"collection":[{"href":"https:\/\/kunstinargentinien.com\/index.php\/wp-json\/wp\/v2\/posts"}],"about":[{"href":"https:\/\/kunstinargentinien.com\/index.php\/wp-json\/wp\/v2\/types\/post"}],"author":[{"embeddable":true,"href":"https:\/\/kunstinargentinien.com\/index.php\/wp-json\/wp\/v2\/users\/1"}],"replies":[{"embeddable":true,"href":"https:\/\/kunstinargentinien.com\/index.php\/wp-json\/wp\/v2\/comments?post=9652"}],"version-history":[{"count":4,"href":"https:\/\/kunstinargentinien.com\/index.php\/wp-json\/wp\/v2\/posts\/9652\/revisions"}],"predecessor-version":[{"id":9716,"href":"https:\/\/kunstinargentinien.com\/index.php\/wp-json\/wp\/v2\/posts\/9652\/revisions\/9716"}],"wp:attachment":[{"href":"https:\/\/kunstinargentinien.com\/index.php\/wp-json\/wp\/v2\/media?parent=9652"}],"wp:term":[{"taxonomy":"category","embeddable":true,"href":"https:\/\/kunstinargentinien.com\/index.php\/wp-json\/wp\/v2\/categories?post=9652"},{"taxonomy":"post_tag","embeddable":true,"href":"https:\/\/kunstinargentinien.com\/index.php\/wp-json\/wp\/v2\/tags?post=9652"}],"curies":[{"name":"wp","href":"https:\/\/api.w.org\/{rel}","templated":true}]}}