{"id":991,"date":"2007-04-20T11:37:59","date_gmt":"2007-04-20T14:37:59","guid":{"rendered":"http:\/\/kunstinargentinien.com\/index.php\/2007\/04\/20\/agenda-kalender-55\/"},"modified":"2007-05-19T19:20:59","modified_gmt":"2007-05-19T22:20:59","slug":"agenda-kalender-55","status":"publish","type":"post","link":"https:\/\/kunstinargentinien.com\/index.php\/2007\/04\/20\/agenda-kalender-55\/","title":{"rendered":"Agenda \/ Kalender"},"content":{"rendered":"<p><a href=\"http:\/\/kunstinargentinien.com\/index.php\/2007\/04\/20\/kalender-agenda-62\/\">Klicken Sie hier, um die deutsche Version zu lesen.<\/a><\/p>\n<p><strong>Agenda de Muestras 21\/04\/07-28\/04\/07<\/strong><\/p>\n<div align=center><img decoding=\"async\" id=\"image992\" src=\"http:\/\/kunstinargentinien.com\/wp-content\/uploads\/2007\/04\/mabo.JPG\" alt=\"mabo.JPG\" \/><br \/>\n<em>Con la intervenci\u00f3n &#8220;Termos\u00edntesis&#8221; del artista <a href=\"http:\/\/www.martinbonadeo.com.ar\/\">Mart\u00edn Bonadeo<\/a>, la superficie vidriada de la galer\u00eda <a href=\"http:\/\/www.isidromiranda.com.ar\/home.html\">Isidro Miranda<\/a> luce completamente oscura, revelando en su centro una hendidura. Cuando el p\u00fablico se acerca, una gran flor de cristal se ilumina, la temperatura del cub\u00edculo aumenta, y sus p\u00e9talos se colorean. Y es as\u00ed que si el espectador se aleja, todo nuevamente se ensombrece y la flor desaparece en su propia transparencia.<\/em><\/div>\n<p><em><strong>Centros de exposiciones<\/strong><\/em><\/p>\n<ul>\n<li><a href=\"http:\/\/www.malba.org.ar\/web\/\">MALBA<\/a> (Museo de Arte Latinoamericano de Buenos Aires), Av. Figueroa Alcorta 3415 (Jue-Lun y feriados 12-20 hs, martes cerrado, Mi\u00e9rcoles hasta 21 hs, entrada libre. Los otros d\u00edas: entrada 10 pesos, docentes y mayores de 65 a\u00f1os 5 pesos, estudiantes, menores de 12 a\u00f1os y discapacitados gratis): Alfredo Volpi (Brasil), &#8220;50 a\u00f1os de pintura&#8221;. Curador: Olivio Tavares de Ara\u00fajo. 16.03.-28.05. \/ David LaChapelle, &#8220;Heaven to Hell &#8211; Bellezas y Desastres&#8221;. Curadora: Eva Grinstein. Del 30 de marzo al 21 de mayo. \/ Marta Minuj\u00edn, &#8220;Los meses del a\u00f1o&#8221; (Terraza). 8.12.-septiembre de 2007. \/ Sergio Avello, &#8220;Volumen&#8221; (Explanada). 8.12.-septiembre de 2007.<\/li>\n<p><!--more--><\/p>\n<li><a href=\"http:\/\/www.centroculturalrecoleta.org\/\">Centro Cultural Recoleta<\/a>, Jun\u00edn 1930 (Mar-Vie 14-21, Sab, Dom y feriados 10-21 hs, entrada 1 peso): &#8220;WALSH: A 30 A\u00d1OS&#8221;. Curadora: Mar\u00eda del Carmen Vieites. En el Espacio Literario. 22.03.-29.04. \/ Lili Merlini, &#8220;Engranajes y sue\u00f1os&#8221;. Sala 2. 23.03.-22.04. \/ Manolo Rodr\u00edguez, &#8220;Detr\u00e1s, est\u00e1 la gente&#8221;. Sala 1. 23.03.-22.04. \/ Daniel Vi\u00f1oly, &#8220;Explicaciones&#8221;. Sala 8. 30.03.-22.04. \/ Ariel Cusnir, &#8220;Rio Abajo&#8221;, dibujos y acuarelas. Sala 15. 30.03.-29.04. \/ &#8220;Malvinas: Islas de la Memoria&#8221;. Sala Villa Villa. 30.03.-12.05. \/ Diego Par\u00e9s, &#8220;El Sr. y la Sra. Rispo&#8221;. Sala Espacio Historieta. 19.04.-03.06. \/ Odile Bourdet, &#8220;Impresiones digitales&#8221;. Sala Prometeus. 19.04.-03.06. \/ &#8220;Ciencia en foco. Tecnolog\u00eda en foco&#8221;. Sala 7. Inauguraci\u00f3n: 02.05., 19 hs. Hasta 27.05.<\/li>\n<li><a href=\"http:\/\/www.ccborges.org.ar\/\">Centro Cultural Borges<\/a>, Viamonte\/San Mart\u00edn (Lun-Sab 11-21, Dom 12-21 hs. Entrada 4 pesos, jubilados y estudiantes 2 pesos): &#8220;Destroyers&#8221; con Ariel Cusnir, Fabio Rossi, Mercedes Cosci, Yanina Szalcowicz, Ana Vogelfang. Curadora: Daniela Luna. En el ciclo &#8220;Borges\/Contempor\u00e1neo&#8221;. P.B., Sala 9. 15.03.-22.04.<\/li>\n<li><a href=\"http:\/\/www.mnba.org.ar\/\">Museo Nacional de Bellas Artes (MNBA)<\/a>, Av. del Libertador 1473 (Mar-Vie 12.30-19.30, Sab y Dom 9.30-19.30 hs, entrada libre): R\u00f3mulo Macci\u00f3, &#8220;Retratos y lugares&#8221;, una selecci\u00f3n de 30 pinturas de gran formato que recorre los \u00faltimos 20 a\u00f1os de producci\u00f3n de Macci\u00f3. 08.03.-24.04. \/ &#8220;El retrato, marco de identidad&#8221;, con obras del Museo Nacional de Bellas Artes: pinturas en las salas de planta baja y fotograf\u00edas en el segundo piso. Desde 28 de marzo.<\/li>\n<li>FotoGaler\u00eda del <a href=\"http:\/\/www.teatrosanmartin.com.ar\/\">Teatro San Mart\u00edn<\/a>, Av. Corrientes 1530 (lunes a viernes desde las 12 hs. y los s\u00e1bados y domingos desde las 14 hs. hasta la finalizaci\u00f3n de las actividades del d\u00eda en el teatro. Entrada libre): Ra\u00fal Cottone, &#8220;Celebraci\u00f3n de la Tierra&#8221;, ensayo fotogr\u00e1fico. 1\u00ba piso del Hall Central Carlos Morel. 07.03.-13.05.<\/li>\n<\/ul>\n<p><em><strong>Otras exposiciones<\/strong><\/em><\/p>\n<ul>\n<li>Juan Mel\u00e9, serigraf\u00edas. Mundo Nuevo Art Gallery, Av. Callao 1870, P.B. Lun-Vie 11-19 hs. 12.03.-fines de abril.<\/li>\n<li>Luis Ricaurte, &#8220;Lookumi&#8221;, instalaci\u00f3n. La obra del artista colombo-mexicano indaga sobre los pueblos afrodescendientes de Colombia, y consiste en un grabado sobre lienzo, expuesto en el piso, y proyecciones en los muros del pasaje, as\u00ed como cajas luminosas donde se podr\u00e1n apreciar im\u00e1genes vistas a trav\u00e9s de lenticulares. &#8220;Cruce de Artes&#8221;, T\u00fanel de Av. del Libertador al 3200, esq. Av. Sarmiento (frente al Zoo de Buenos Aires). Lunes a domingos de 8 a 19 hs., con acceso libre y gratuito. 14.03.-22.04.<\/li>\n<li>Jorge Mi\u00f1o, Gian Paolo Minelli, Patricia Pearson, fotos. Ernesto Catena Fotograf\u00eda Contempor\u00e1nea, Honduras 4882, 1er Piso. 14.03.-21.04.<\/li>\n<li>Anatole Saderman, fotos (retratos y paisajes urbanos). Vasari, Esmeralda 1357. 14.03.-20.04.<\/li>\n<li>Marga Steinwasser, &#8220;Subterr\u00e1nea&#8221;, dibujo-instalaci\u00f3n. <a href=\"http:\/\/www.elsidelrio.com.ar\/\">Elsi del R\u00edo Arte Contempor\u00e1neo<\/a>, Ar\u00e9valo 1748, entre Honduras y El Salvador, Palermo. Martes a viernes de 15 a 20 horas, s\u00e1bados de 11 a 14 horas. 15.03.-21.04.<\/li>\n<li>&#8220;LI Sal\u00f3n de Artes Pl\u00e1sticas Manuel Belgrano&#8221;. Museo de Artes Pl\u00e1sticas Eduardo S\u00edvori, Infanta Isabel 555. 17.03.-20.05.<\/li>\n<li>Juan Carlos Quadri, &#8220;C\u00f3rdoba en oto\u00f1o&#8221;, pinturas. Zurbar\u00e1n C\u00f3rdoba, Dinosaurio Mall, Rodr\u00edguez del Busto 4086, Barrio Alto Verde, Ciudad de C\u00f3rdoba. Todos los d\u00edas de 10 a 22 hs. Entrada libre y gratuita. 19.03.-05.05.<\/li>\n<li>Vanina Prajs, &#8220;Mi casa&#8221;, tintas. <a href=\"http:\/\/www.centrocultural.coop\/modules\/wfchannel\/\">Centro Cultural de la Cooperaci\u00f3n<\/a>, Av. Corrientes 1543, Espacio Ra\u00fal Lozza, 2\u00ba subsuelo. Lunes a s\u00e1bados de 10 a 22 hs., domingos de 17 a 20.30 hs. 20.03.-13.05.<\/li>\n<li>Silvina D&#8217;Alessandro, &#8220;\u00bfQu\u00e9 esper\u00e1s para tener tu Respaldo Incomfort?&#8221;, instalaci\u00f3n. Colaboraci\u00f3n fotogr\u00e1fica: Alejandra Urresti. Curador: Esteban Alvarez. <a href=\"http:\/\/www.cceba.org.ar\/tapa\/tapa.pl\">CCEBA<\/a>, Florida 943, Espacio Vidriera Exterior (sobre calle Florida). Desde 20.03.<\/li>\n<li>&#8220;Bola de lodo&#8221;, muestra con artistas invitados organizada por el espacio de arte contempor\u00e1neo <a href=\"http:\/\/www.rosachancho.com\/\">Rosa Chancho<\/a> (Julieta Garc\u00eda V\u00e1zquez, Tom\u00e1s Lerner, Mumi, Javier Villa y Os\u00edas Yanov). <a href=\"http:\/\/www.cceba.org.ar\/tapa\/tapa.pl\">CCEBA<\/a>, Florida 943. 20.03.-20.04.<\/li>\n<li>&#8220;NEGATEC&#8221;, obras de Alfredo Jaar, CAE, Ingo G\u00fcnther, I\u00f1igo Manglano-Ovalle, Jenny Perlin, Liza McConnell, Martina Fischer, Mika Rottenberg, Roberto Jacoby, Syd Krochmalny, Wim Delvoye, Yes Men, entre otros. Curador: Luis Camnitzer. Co-curadora: Patricia Hakim. <a href=\"http:\/\/www.espacioft.org.ar\/\">Espacio Fundaci\u00f3n Telef\u00f3nica<\/a>, Arenales 1540. Martes a domingo de 14 a 20 horas. 20.03.-27.05.<\/li>\n<li>Enrique Burone Risso, &#8220;Buenos Aires horizontal y vertical&#8221;. Zurbar\u00e1n, Cerrito 1522. Desde 21.03.<\/li>\n<li>&#8220;IM\u00c1GENES PARA LA MEMORIA&#8221;. En el Espacio Casa de la Cultura, Av. de Mayo 575, subsuelo. Martes a domingos de 14 a 20 hs. 22.03.-30.04.<\/li>\n<li>&#8220;31 a\u00f1os&#8221;, una muestra, gratuita y al aire libre, en homenaje a las v\u00edctimas del golpe de Estado de 1976. Re\u00fane obras de artistas compromentidos con la lucha por la defensa de los Derechos Humanos. Entre ellos, Marcelo Brodsky, Norberto Onofrio, Mariana Schapiro, Juli\u00e1n Agosta, Oscar Staffora, Mauro Nizzero, Gustavo Arment\u00eda, Ana Mar\u00eda Esplugas, Nieves Rebuffo, Gabriela Heras, Marina Papadoupolos y Jaime Graschinski. Jard\u00edn de las Esculturas, Av. Monroe (esq. H\u00fasares), 0. Todos los d\u00edas 9 a 22 hs. 23.03.-10.06.<\/li>\n<li>Jorge Macchi \/ Florencia Rodriguez Giles, &#8220;Adaptaci\u00f3n orilla&#8221; (NuevoEspacio). <a href=\"http:\/\/www.ruthbenzacar.com\/\">Ruth Benzacar<\/a>, Florida 1000. 28.03.-28.04.<\/li>\n<li>Richard Sturgeon, &#8220;Revisando los \u00b480&#8221;, pinturas. Lila Mitre Espacio de Arte, Guido 1568. Lunes a viernes de 10.30 a 20 hs. 28.03.-10.05.<\/li>\n<li>Fernando de Oliveira (Brasil). Sara Garc\u00eda Uriburu Galer\u00eda de Arte, Uruguay 1223. Desde 28 de marzo.<\/li>\n<li>&#8220;<a href=\"http:\/\/www.bienalfindelmundo.com\/cast\/concepto.html\">BIENALFINDELMUNDO<\/a> Ushuaia&#8221; &#8211; 1\u00ba Bienal de Arte Contempor\u00e1neo. 29.03.-29.04.<\/li>\n<li>Eugenio Ram\u00edrez, pinturas. <a href=\"http:\/\/www.cema.edu.ar\/eventos\/\">Universidad del CEMA (UCEMA)<\/a>, Reconquista 775. Lunes a viernes de 14 a 19 hs. Entrada libre y gratuita. 29.03.-11.05.<\/li>\n<li>Marcela Sinclair, &#8220;Modelizaci\u00f3n Psicogeom\u00e9trica IV&#8221; \/ Colectivo de Intectambio (EEUU), &#8220;Escupido de la panza de la bestia&#8221;. Appetite, Chacabuco 551. Desde 30 de marzo.<\/li>\n<li>Catalina Chervin, &#8220;La escritura de lo invisible&#8221;, 21 dibujos, y un portfolio de ocho grabados titulado &#8220;Apocalipsis&#8221; para el cual el artista y dramaturgo Fernando Arrabal escribi\u00f3 un poema. Daniel Maman Fine Art, Av. del Libertador 2475. Lunes a viernes de 11.30 a 20 hs, s\u00e1bados de 11.30 a 15.30 hs. 03.04.-03.05.<\/li>\n<li>&#8220;Im\u00e1genes para una misma comedia&#8221;, dibujos y bocetos de Jorge Omar Santos, fotograf\u00edas de Gast\u00f3n Vera, basados en la obra &#8220;La comedia mec\u00e1nica&#8221;. <a href=\"http:\/\/www.centrocultural.coop\/modules\/wfchannel\/\">Centro Cultural de la Cooperaci\u00f3n<\/a>, Espacio 1\u00baSS, Av. Corrientes 1543. Lunes a s\u00e1bados de 10 a 22 hs, domingos de 17 a 20.30 hs. Desde 06.04.<\/li>\n<li>Mariano Giraud, &#8220;entre 10.000 y 30.000 a\u00f1os&#8221;. Daniel Abate Galer\u00eda, Pasaje Bollini 2170. Desde 09.04.<\/li>\n<li>Mar\u00eda Guerreiro, &#8220;un viaje&#8230; un juego&#8230;&#8221;, t\u00e9cnicas mixtas. Atica, Libertad 1240, PB 9. Lun-Vie 11-13 y 15-20, Sab 11-13.30 hs. 10.04.-28.04.<\/li>\n<li>Natalia Cacchiarelli, &#8220;Inquieta&#8221;, acuarelas y acr\u00edlicos. Del Infinito Arte, Quintana 325, PB. 10.04.-mediados de mayo.<\/li>\n<li>Roberto El\u00eda, Horacio Zabala, &#8220;Conjunciones y disyunciones&#8221;. Curadora: Danielle Perret. El Borde, Uriarte 1356, Palermo Viejo. Mar-Sab 15-20 hs. 10.04.-26.05.<\/li>\n<li>An\u00edbal Garfunkel, &#8220;Lo crudo y lo cocido&#8221;. RO Galer\u00eda de Arte, Paran\u00e1 1158. 11.04.-12.05.<\/li>\n<li><a href=\"http:\/\/www.alejandroraineri.com\/\">Alejandro Raineri<\/a>, &#8220;La Vacanal: Black &#038; White&#8221;. Galer\u00eda Rubbers Internacional, Av. Alvear 1595 (esq. Montevideo). Lunes a viernes de 11 a 20 hs., s\u00e1bado 11 a 13.30 hs. 11.04.-03.05.<\/li>\n<li>&#8220;Tres generaciones&#8221; &#8211; Lilian van Esso, oleos y acuarelas, Miguel van Esso, esculturas y dibujos, Lucas van Esso, acr\u00edlicos. Centro Cultural Paseo Quinta Trabucco, Melo 3050, Florida. Mar-Sab 9-19, Dom 14-19 hs. 13.04.-06.05.<\/li>\n<li>Oskar Molek, &#8220;Bolivia, Futuro del pasado&#8221;, fotos. Museo Municipal de Bellas Artes &#8220;Fern\u00e1n Felix de Amador&#8221;, 9 de julio 864, Luj\u00e1n. Mar-Dom 12-18 hs. 14.04.-03.05.<\/li>\n<li>&#8220;Proyecto Vidriera&#8221;, instalaci\u00f3n TERMOSINTESIS de Mart\u00edn Bonadeo. Curador: Cristian Segura. <a href=\"http:\/\/www.isidromiranda.com.ar\/home.html\">Isidro Miranda<\/a>, Estados Unidos 726, San Telmo. 17.04.-12.05.<\/li>\n<li>&#8220;El dise\u00f1o revisitado&#8221; \/ Federico Klemm, &#8220;Afinidades selectivas&#8221;, Collection particuli\u00e8re. Fundaci\u00f3n Federico Jorge Klemm, M.T. de Alvear 626. Lun-Vie 11-20 hs. Desde 17.04.<\/li>\n<li>Francisco de Goya, 37 grabados de la serie &#8220;La Tauromaquia&#8221;. La selecci\u00f3n que se exhibe fue editada con las planchas originales por el C\u00edrculo de Bellas Artes de Madrid en 1921 y es patrimonio del Museo por adquisici\u00f3n de la entonces Municipalidad de Buenos Aires en 1966. Museo de Arte Espa\u00f1ol &#8220;Enrique Larreta&#8221;, Av. Juramento 2291. Todos los d\u00edas de 14 a 20 hs, s\u00e1bados, domingos y feriados de 10 a 13 y de 15 a 20 hs. Martes cerrado. Valor de la entrada al museo: $1.-. 18.04.-14.06.<\/li>\n<li>Alfredo Hlito, &#8220;Las reglas del juego&#8221;. Curadora: Martha Nanni. La muestra recupera la obra de un artista que, al margen de modas y escuelas, produjo una obra original e innovadora que le trajo merecido prestigio internacional, como lo prueba la exposici\u00f3n antol\u00f3gica que en 2002 se realiz\u00f3 en la Fundaci\u00f3n Telef\u00f3nica, en Madrid, la sala m\u00e1s importante de arte moderno de la capital espa\u00f1ola. Museo de la Universidad de Tres de Febrero (MUNTREF), Valent\u00edn G\u00f3mez 4828\/38, Caseros (frente a la estaci\u00f3n). Desde 19.04.<\/li>\n<li>Dora Isdatne, esculturas. Galer\u00eda Loreto Arenas, Juncal 885, entrepiso. Lun-Vie 14-20, Sab 11-13 hs. Inauguraci\u00f3n: 24.04., 19 hs. Hasta 28.05.<\/li>\n<li>Mariana Vidal, &#8220;Pinturas&#8221;. Elsi del R\u00edo Arte Contempor\u00e1neo, Ar\u00e9valo 1748, Palermo. Inauguraci\u00f3n: 25.04., 19 hs. Hasta 02.06.<\/li>\n<li>Carlos Ercoli, pinturas. Suipacha Galer\u00eda de Arte, Suipacha 1248. Inauguraci\u00f3n: 27.04. Hasta 11.05.<\/li>\n<\/ul>\n","protected":false},"excerpt":{"rendered":"<p>Klicken Sie hier, um die deutsche Version zu lesen. Agenda de Muestras 21\/04\/07-28\/04\/07 Con la intervenci\u00f3n &#8220;Termos\u00edntesis&#8221; del artista Mart\u00edn Bonadeo, la superficie vidriada de la galer\u00eda Isidro Miranda luce completamente oscura, revelando en su centro una hendidura. Cuando el p\u00fablico se acerca, una gran flor de cristal se ilumina, la temperatura del cub\u00edculo aumenta, [&hellip;]<\/p>\n","protected":false},"author":1,"featured_media":0,"comment_status":"open","ping_status":"open","sticky":false,"template":"","format":"standard","meta":{"footnotes":""},"categories":[3],"tags":[],"class_list":["post-991","post","type-post","status-publish","format-standard","hentry","category-kalender-agenda"],"_links":{"self":[{"href":"https:\/\/kunstinargentinien.com\/index.php\/wp-json\/wp\/v2\/posts\/991","targetHints":{"allow":["GET"]}}],"collection":[{"href":"https:\/\/kunstinargentinien.com\/index.php\/wp-json\/wp\/v2\/posts"}],"about":[{"href":"https:\/\/kunstinargentinien.com\/index.php\/wp-json\/wp\/v2\/types\/post"}],"author":[{"embeddable":true,"href":"https:\/\/kunstinargentinien.com\/index.php\/wp-json\/wp\/v2\/users\/1"}],"replies":[{"embeddable":true,"href":"https:\/\/kunstinargentinien.com\/index.php\/wp-json\/wp\/v2\/comments?post=991"}],"version-history":[{"count":0,"href":"https:\/\/kunstinargentinien.com\/index.php\/wp-json\/wp\/v2\/posts\/991\/revisions"}],"wp:attachment":[{"href":"https:\/\/kunstinargentinien.com\/index.php\/wp-json\/wp\/v2\/media?parent=991"}],"wp:term":[{"taxonomy":"category","embeddable":true,"href":"https:\/\/kunstinargentinien.com\/index.php\/wp-json\/wp\/v2\/categories?post=991"},{"taxonomy":"post_tag","embeddable":true,"href":"https:\/\/kunstinargentinien.com\/index.php\/wp-json\/wp\/v2\/tags?post=991"}],"curies":[{"name":"wp","href":"https:\/\/api.w.org\/{rel}","templated":true}]}}